{"id":6101,"date":"2021-01-25T14:02:30","date_gmt":"2021-01-25T13:02:30","guid":{"rendered":"https:\/\/muzeum.ostroleka.pl\/?p=6101"},"modified":"2021-01-26T08:11:53","modified_gmt":"2021-01-26T07:11:53","slug":"gloria-victis-2","status":"publish","type":"post","link":"https:\/\/muzeum.ostroleka.pl\/?p=6101","title":{"rendered":"Gloria Victis"},"content":{"rendered":"<p style=\"text-align: justify;\">Kilka dni temu obchodzili\u015bmy 158. rocznic\u0119 wybuchu powstania styczniowego \u2013 najd\u0142u\u017cej trwaj\u0105cego polskiego zrywu niepodleg\u0142o\u015bciowego. W por\u00f3wnaniu z powstaniem ko\u015bciuszkowskim czy listopadowym walki rozpocz\u0119to w znacznie trudniejszych warunkach (brak armii regularnej, niedostateczne uzbrojenie i wyszkolenie powsta\u0144c\u00f3w). Mimo to w trakcie 15 miesi\u0119cy walk stoczono ok. 1200 potyczek, a przez szeregi partyzanckie przesz\u0142o ok. 200 tys. ochotnik\u00f3w.<!--more--><br \/>\nPowsta\u0144cy zap\u0142acili wysok\u0105 cen\u0119 za wyzwanie rzucone caratowi. Ok. 20 tys. ludzi poleg\u0142o w walkach, 35\u201340 tys. \u2013 zes\u0142ano, 10 tys. \u2013 uda\u0142o si\u0119 na emigracj\u0119 na Zach\u00f3d.<br \/>\nNajwi\u0119kszym \u201esukcesem\u201d powstania by\u0142o nadanie ch\u0142opom ziemi. Dzi\u0119ki tej zmianie pokolenie w\u0142o\u015bcian urodzone po uw\u0142aszczeniu mog\u0142o aktywnie w\u0142\u0105czy\u0107 si\u0119 w \u017cycie polityczne i spo\u0142eczne narodu polskiego.<br \/>\nChocia\u017c na Polak\u00f3w spad\u0142y surowe represje, to spo\u0142ecze\u0144stwo stosunkowo szybko d\u017awign\u0119\u0142o si\u0119 z kl\u0119ski. Trzy ostatnie dekady XIX wieku to na ziemiach Kr\u00f3lestwa znaczny wzrost przemys\u0142u i urbanizacji. To tak\u017ce czas rozwoju czytelnictwa polskiego \u2013 fundamentu to\u017csamo\u015bci narodowej.<br \/>\nPami\u0119\u0107 o wydarzeniach powstania styczniowego utrwalano w literaturze, obrazach i pie\u015bniach. Te ostatnie by\u0142y szczeg\u00f3lnie wa\u017cne. Jak zauwa\u017cy\u0142 prof. Stefan Kieniewicz: \u201ewy\u015bpiewywano je w gronie rodzinnym i przyjacielskim, po wsiach i miastach, przekazuj\u0105c nast\u0119pnemu pokoleniu s\u0142owa i melodi\u0119, a wraz z nimi tak\u017ce \u2013 ide\u0119.<br \/>\nIde\u0119 nieodpartej potrzeby zrzucenia obcego jarzma, \u00bbwybicia si\u0119 na niepodleg\u0142o\u015b\u0107\u00ab. Ide\u0119, kt\u00f3ra pozostawa\u0142a wierna testamentowi Ko\u015bciuszki, programom Wielkiej Emigracji, manifestom Rz\u0105du Narodowego, \u017ce mianowicie droga do niepodleg\u0142o\u015bci prowadzi poprzez realizowanie wolno\u015bci obywatelskich i sprawiedliwo\u015bci spo\u0142ecznej\u201d.<\/p>\n<p>&nbsp;<\/p>\n<p style=\"text-align: justify;\">Przy tej okazji chcieliby\u015bmy zaprezentowa\u0107 znajduj\u0105c\u0105 si\u0119 w zbiorach MKK rycin\u0119 z francuskiego czasopisma \u201eLe Monde Illustr\u00e9\u201d z 1863 r., przedstawiaj\u0105c\u0105 symboliczne powstanie styczniowe.<\/p>\n<p>&nbsp;<\/p>\n<p>Types et costiumes de l&#8217;armee polonaise, \u201eLe Monde Illustr\u00e9\u201d, nr 311, 28.03.1863 r., nr inw. MKK\/H\/1988<\/p>\nngg_shortcode_0_placeholder\n","protected":false},"excerpt":{"rendered":"<p>Kilka dni temu obchodzili\u015bmy 158. rocznic\u0119 wybuchu powstania styczniowego \u2013 najd\u0142u\u017cej trwaj\u0105cego polskiego zrywu niepodleg\u0142o\u015bciowego. W por\u00f3wnaniu z powstaniem ko\u015bciuszkowskim czy listopadowym walki rozpocz\u0119to w znacznie trudniejszych warunkach (brak armii regularnej, niedostateczne uzbrojenie i wyszkolenie powsta\u0144c\u00f3w). Mimo to w trakcie 15 miesi\u0119cy walk stoczono ok. 1200 potyczek, a przez szeregi partyzanckie przesz\u0142o ok. 200 tys. [&hellip;]<\/p>\n","protected":false},"author":3,"featured_media":6106,"comment_status":"closed","ping_status":"closed","sticky":false,"template":"","format":"standard","meta":{"_acf_changed":false,"_lmt_disableupdate":"","_lmt_disable":"","_monsterinsights_skip_tracking":false,"_monsterinsights_sitenote_active":false,"_monsterinsights_sitenote_note":"","_monsterinsights_sitenote_category":0,"ngg_post_thumbnail":0,"footnotes":""},"categories":[3,55],"tags":[],"class_list":["post-6101","post","type-post","status-publish","format-standard","has-post-thumbnail","hentry","category-aktualnosci","category-wirtualne-muzeum"],"acf":[],"modified_by":"Daniel Go\u0142a\u015b","_links":{"self":[{"href":"https:\/\/muzeum.ostroleka.pl\/index.php?rest_route=\/wp\/v2\/posts\/6101","targetHints":{"allow":["GET"]}}],"collection":[{"href":"https:\/\/muzeum.ostroleka.pl\/index.php?rest_route=\/wp\/v2\/posts"}],"about":[{"href":"https:\/\/muzeum.ostroleka.pl\/index.php?rest_route=\/wp\/v2\/types\/post"}],"author":[{"embeddable":true,"href":"https:\/\/muzeum.ostroleka.pl\/index.php?rest_route=\/wp\/v2\/users\/3"}],"replies":[{"embeddable":true,"href":"https:\/\/muzeum.ostroleka.pl\/index.php?rest_route=%2Fwp%2Fv2%2Fcomments&post=6101"}],"version-history":[{"count":6,"href":"https:\/\/muzeum.ostroleka.pl\/index.php?rest_route=\/wp\/v2\/posts\/6101\/revisions"}],"predecessor-version":[{"id":6111,"href":"https:\/\/muzeum.ostroleka.pl\/index.php?rest_route=\/wp\/v2\/posts\/6101\/revisions\/6111"}],"wp:featuredmedia":[{"embeddable":true,"href":"https:\/\/muzeum.ostroleka.pl\/index.php?rest_route=\/wp\/v2\/media\/6106"}],"wp:attachment":[{"href":"https:\/\/muzeum.ostroleka.pl\/index.php?rest_route=%2Fwp%2Fv2%2Fmedia&parent=6101"}],"wp:term":[{"taxonomy":"category","embeddable":true,"href":"https:\/\/muzeum.ostroleka.pl\/index.php?rest_route=%2Fwp%2Fv2%2Fcategories&post=6101"},{"taxonomy":"post_tag","embeddable":true,"href":"https:\/\/muzeum.ostroleka.pl\/index.php?rest_route=%2Fwp%2Fv2%2Ftags&post=6101"}],"curies":[{"name":"wp","href":"https:\/\/api.w.org\/{rel}","templated":true}]}}