{"id":6113,"date":"2021-01-26T10:53:59","date_gmt":"2021-01-26T09:53:59","guid":{"rendered":"https:\/\/muzeum.ostroleka.pl\/?p=6113"},"modified":"2021-01-26T10:53:59","modified_gmt":"2021-01-26T09:53:59","slug":"443-rocznica-potwierdzenia-przez-krola-stefana-batorego-dekretu-krolowej-bony","status":"publish","type":"post","link":"https:\/\/muzeum.ostroleka.pl\/?p=6113","title":{"rendered":"443. rocznica potwierdzenia przez kr\u00f3la Stefana Batorego dekretu kr\u00f3lowej Bony"},"content":{"rendered":"<p style=\"text-align: justify;\">Ta rocznica min\u0119\u0142a przedwczoraj, 24 stycznia, niepostrze\u017cenie. 443 lata temu kr\u00f3l Stefan Batory potwierdzi\u0142 dekret kr\u00f3lowej Bony, istotny dla dobrostanu ostro\u0142\u0119czan, kt\u00f3ry uwalnia\u0142 ich od cz\u0119\u015bci darowizn i \u015bwiadcze\u0144 na rzecz zach\u0142annych starost\u00f3w, nakazywa\u0142 te\u017c, by starzy kawalerowie p\u0142acili na rzecz miasta stosowne pieni\u0105dze. Mieszczanie ostro\u0142\u0119ccy zapragn\u0119li, by Stefan Batory, pr\u00f3cz dekretu Bony, aprobowa\u0142 dodatkowo dawny przywilej dla cechu szewc\u00f3w, nadany w 1502 roku przez ksi\u0119cia mazowieckiego Konrada, a nawet wyprosili jego rozszerzenie. W rozszerzeniu tym tak naprawd\u0119 chodzi\u0142o o zabezpieczenie interes\u00f3w cechowych i ograniczenie nap\u0142ywu ch\u0119tnych do organizacji rzemie\u015blniczej, gdy\u017c profesja poci\u0105ga\u0142a wielu, nie tylko szewskich synk\u00f3w. Rzeczywi\u015bcie, kr\u00f3l przychyli\u0142 si\u0119 do pro\u015bby ostro\u0142\u0119czan i na Sejmie Walnym w Warszawie, w 1578 roku, zabezpieczy\u0142 szewc\u00f3w. Procentowa\u0142o to przez lata. Nie wiemy, czy to moc dokumentu s\u0142ab\u0142a wraz z up\u0142ywaj\u0105cym czasem, czy to sami szewcy zaniedbali rzemios\u0142o, ale uprzywilejowanie sko\u0144czy\u0142o si\u0119. A\u017c trudno w to uwierzy\u0107, wszak kr\u00f3l by\u0142 z Bo\u017cej \u0142aski, szewcy te\u017c zabezpieczeni i, jak przysta\u0142o, bez but\u00f3w d\u0142ugie, d\u0142ugie lata chodzili. A mo\u017ce mieszczanie, niepomni pr\u00f3\u015bb zanoszonych do podn\u00f3\u017cka tronu 443 lata temu, na w\u0142asne kopyto zacz\u0119li kszta\u0142towa\u0107 swoj\u0105 rzeczywisto\u015b\u0107.<\/p>\n<p style=\"text-align: justify;\">&nbsp;<\/p>\n<p style=\"text-align: justify;\">Ilustracje:<\/p>\n<ol>\n<li style=\"text-align: justify;\">Stefan Batory, rysunek Aleksandra Lessera, litografia Henryka Aschenbrennera, odbita w zak\u0142adzie Adama Dzwonkowskiego, lata 60. XIX w., nr inw. MOO\/H\/274. Warto doda\u0107, \u017ce A. Dzwonkowski (1815\u20131885) to nie tylko zas\u0142u\u017cony litograf i ksi\u0119garz, ale te\u017c u\u0142an 2. pu\u0142ku i bardzo m\u0142ody (16 lat) uczestnik bitwy pod Ostro\u0142\u0119k\u0105 1831 roku.<\/li>\n<li style=\"text-align: justify;\">Buty damskie z zak\u0142adu Bronis\u0142awa Szalunasa w Ostro\u0142\u0119ce, 1. po\u0142. XX w., nr inw. MKK\/H\/1629.<\/li>\n<\/ol>\nngg_shortcode_0_placeholder\n","protected":false},"excerpt":{"rendered":"<p>Ta rocznica min\u0119\u0142a przedwczoraj, 24 stycznia, niepostrze\u017cenie. 443 lata temu kr\u00f3l Stefan Batory potwierdzi\u0142 dekret kr\u00f3lowej Bony, istotny dla dobrostanu ostro\u0142\u0119czan, kt\u00f3ry uwalnia\u0142 ich od cz\u0119\u015bci darowizn i \u015bwiadcze\u0144 na rzecz zach\u0142annych starost\u00f3w, nakazywa\u0142 te\u017c, by starzy kawalerowie p\u0142acili na rzecz miasta stosowne pieni\u0105dze. Mieszczanie ostro\u0142\u0119ccy zapragn\u0119li, by Stefan Batory, pr\u00f3cz dekretu Bony, aprobowa\u0142 dodatkowo [&hellip;]<\/p>\n","protected":false},"author":3,"featured_media":6119,"comment_status":"closed","ping_status":"closed","sticky":false,"template":"","format":"standard","meta":{"_acf_changed":false,"_lmt_disableupdate":"","_lmt_disable":"","_monsterinsights_skip_tracking":false,"_monsterinsights_sitenote_active":false,"_monsterinsights_sitenote_note":"","_monsterinsights_sitenote_category":0,"ngg_post_thumbnail":0,"footnotes":""},"categories":[3,55],"tags":[],"class_list":["post-6113","post","type-post","status-publish","format-standard","has-post-thumbnail","hentry","category-aktualnosci","category-wirtualne-muzeum"],"acf":[],"modified_by":"Daniel Go\u0142a\u015b","_links":{"self":[{"href":"https:\/\/muzeum.ostroleka.pl\/index.php?rest_route=\/wp\/v2\/posts\/6113","targetHints":{"allow":["GET"]}}],"collection":[{"href":"https:\/\/muzeum.ostroleka.pl\/index.php?rest_route=\/wp\/v2\/posts"}],"about":[{"href":"https:\/\/muzeum.ostroleka.pl\/index.php?rest_route=\/wp\/v2\/types\/post"}],"author":[{"embeddable":true,"href":"https:\/\/muzeum.ostroleka.pl\/index.php?rest_route=\/wp\/v2\/users\/3"}],"replies":[{"embeddable":true,"href":"https:\/\/muzeum.ostroleka.pl\/index.php?rest_route=%2Fwp%2Fv2%2Fcomments&post=6113"}],"version-history":[{"count":3,"href":"https:\/\/muzeum.ostroleka.pl\/index.php?rest_route=\/wp\/v2\/posts\/6113\/revisions"}],"predecessor-version":[{"id":6120,"href":"https:\/\/muzeum.ostroleka.pl\/index.php?rest_route=\/wp\/v2\/posts\/6113\/revisions\/6120"}],"wp:featuredmedia":[{"embeddable":true,"href":"https:\/\/muzeum.ostroleka.pl\/index.php?rest_route=\/wp\/v2\/media\/6119"}],"wp:attachment":[{"href":"https:\/\/muzeum.ostroleka.pl\/index.php?rest_route=%2Fwp%2Fv2%2Fmedia&parent=6113"}],"wp:term":[{"taxonomy":"category","embeddable":true,"href":"https:\/\/muzeum.ostroleka.pl\/index.php?rest_route=%2Fwp%2Fv2%2Fcategories&post=6113"},{"taxonomy":"post_tag","embeddable":true,"href":"https:\/\/muzeum.ostroleka.pl\/index.php?rest_route=%2Fwp%2Fv2%2Ftags&post=6113"}],"curies":[{"name":"wp","href":"https:\/\/api.w.org\/{rel}","templated":true}]}}