{"id":6122,"date":"2021-01-28T13:28:34","date_gmt":"2021-01-28T12:28:34","guid":{"rendered":"https:\/\/muzeum.ostroleka.pl\/?p=6122"},"modified":"2021-01-28T13:34:30","modified_gmt":"2021-01-28T12:34:30","slug":"muzealna-biblioteka-z-bogatym-ksiegozbiorem","status":"publish","type":"post","link":"https:\/\/muzeum.ostroleka.pl\/?p=6122","title":{"rendered":"Muzealna biblioteka z bogatym ksi\u0119gozbiorem"},"content":{"rendered":"<p>W nowym budynku Muzeum, po generalnym remoncie przeprowadzonym w ramach projektu \u201eRewitalizacja. Per causam ad animi\u201d, z ut\u0119sknieniem czeka na swoich czytelnik\u00f3w muzealna biblioteka<!--more-->, a w niej bogaty, pe\u0142en bibliofilskich skarb\u00f3w, starannie i pieczo\u0142owicie opracowywany, tematycznie podzielony i r\u00f3wniutko na p\u00f3\u0142kach pouk\u0142adany ksi\u0119gozbi\u00f3r.<\/p>\n<p>Wydawnictwa zwarte i gotowe czekaj\u0105 na otwarcie. Zapraszamy ju\u017c wkr\u00f3tce!<\/p>\nngg_shortcode_0_placeholder\n","protected":false},"excerpt":{"rendered":"<p>W nowym budynku Muzeum, po generalnym remoncie przeprowadzonym w ramach projektu \u201eRewitalizacja. Per causam ad animi\u201d, z ut\u0119sknieniem czeka na swoich czytelnik\u00f3w muzealna biblioteka<\/p>\n","protected":false},"author":3,"featured_media":6126,"comment_status":"closed","ping_status":"closed","sticky":false,"template":"","format":"standard","meta":{"_acf_changed":false,"_lmt_disableupdate":"","_lmt_disable":"","_monsterinsights_skip_tracking":false,"_monsterinsights_sitenote_active":false,"_monsterinsights_sitenote_note":"","_monsterinsights_sitenote_category":0,"ngg_post_thumbnail":0,"footnotes":""},"categories":[3],"tags":[],"class_list":["post-6122","post","type-post","status-publish","format-standard","has-post-thumbnail","hentry","category-aktualnosci"],"acf":[],"modified_by":"Daniel Go\u0142a\u015b","_links":{"self":[{"href":"https:\/\/muzeum.ostroleka.pl\/index.php?rest_route=\/wp\/v2\/posts\/6122","targetHints":{"allow":["GET"]}}],"collection":[{"href":"https:\/\/muzeum.ostroleka.pl\/index.php?rest_route=\/wp\/v2\/posts"}],"about":[{"href":"https:\/\/muzeum.ostroleka.pl\/index.php?rest_route=\/wp\/v2\/types\/post"}],"author":[{"embeddable":true,"href":"https:\/\/muzeum.ostroleka.pl\/index.php?rest_route=\/wp\/v2\/users\/3"}],"replies":[{"embeddable":true,"href":"https:\/\/muzeum.ostroleka.pl\/index.php?rest_route=%2Fwp%2Fv2%2Fcomments&post=6122"}],"version-history":[{"count":3,"href":"https:\/\/muzeum.ostroleka.pl\/index.php?rest_route=\/wp\/v2\/posts\/6122\/revisions"}],"predecessor-version":[{"id":6129,"href":"https:\/\/muzeum.ostroleka.pl\/index.php?rest_route=\/wp\/v2\/posts\/6122\/revisions\/6129"}],"wp:featuredmedia":[{"embeddable":true,"href":"https:\/\/muzeum.ostroleka.pl\/index.php?rest_route=\/wp\/v2\/media\/6126"}],"wp:attachment":[{"href":"https:\/\/muzeum.ostroleka.pl\/index.php?rest_route=%2Fwp%2Fv2%2Fmedia&parent=6122"}],"wp:term":[{"taxonomy":"category","embeddable":true,"href":"https:\/\/muzeum.ostroleka.pl\/index.php?rest_route=%2Fwp%2Fv2%2Fcategories&post=6122"},{"taxonomy":"post_tag","embeddable":true,"href":"https:\/\/muzeum.ostroleka.pl\/index.php?rest_route=%2Fwp%2Fv2%2Ftags&post=6122"}],"curies":[{"name":"wp","href":"https:\/\/api.w.org\/{rel}","templated":true}]}}