{"id":617,"date":"2016-08-25T11:44:14","date_gmt":"2016-08-25T10:44:14","guid":{"rendered":"http:\/\/mkk.wisnia.pl\/?p=617"},"modified":"2019-12-12T10:38:24","modified_gmt":"2019-12-12T09:38:24","slug":"zapraszamy-na-otwarcie-jubileuszowej-wystawy-czasowej","status":"publish","type":"post","link":"https:\/\/muzeum.ostroleka.pl\/?p=617","title":{"rendered":"Zapraszamy na otwarcie jubileuszowej wystawy czasowej!"},"content":{"rendered":"<div class=\"leadArticle\">\n<p>Szanowni Pa\u0144stwo! Z okazji obchod\u00f3w 40-lecia Muzeum Kultury Kurpiowskiej w&nbsp;Ostro\u0142\u0119ce, pragniemy zaprosi\u0107 na&nbsp;<strong>wernisa\u017c jubileuszowej wystawy czasowej pt.&nbsp;\u201eOd&nbsp;w\u0142oskich bufet\u00f3w po&nbsp;ebay kolekcjoner\u00f3w, czyli&nbsp;muzeum po&nbsp;drodze\u201d<\/strong>. Otwarcie ekspozycji odb\u0119dzie si\u0119<strong>10&nbsp;pa\u017adziernika 2015 roku (sobota) o&nbsp;godz.&nbsp;16.00 w Muzeum Kultury Kurpiowskiej w Ostro\u0142\u0119ce<\/strong>. Zapraszamy!<\/p>\n<p>&nbsp;<\/p>\n<\/div>\n<p>&nbsp;Wystawa \u201eOd&nbsp;w\u0142oskich bufet\u00f3w po&nbsp;ebay kolekcjoner\u00f3w, czyli&nbsp;muzeum po&nbsp;drodze\u201d ma&nbsp;na&nbsp;celu zaprezentowanie pionierskich inicjatyw muzealnych i&nbsp;kolekcjonerskich si\u0119gaj\u0105cych tworzonych na&nbsp;kanwie idei krajoznawstwa, uwzgl\u0119dnienie muze\u00f3w zwi\u0105zanych z&nbsp;lokalnym \u015brodowiskiem krajoznawczym oraz&nbsp;stworzenie mapy kolekcjonerstwa (w&nbsp;tym plac\u00f3wek prywatnych) powsta\u0142ych w&nbsp;XX i&nbsp;XXI wieku na&nbsp;obszarze by\u0142ego wojew\u00f3dztwa ostro\u0142\u0119ckiego. Na tym tle tw\u00f3rcy wystawy uka\u017c\u0105 dzia\u0142alno\u015b\u0107 ostro\u0142\u0119ckiego muzeum oraz&nbsp;zaprezentuj\u0105 muzealia reprezentatywne dla&nbsp;czterdziestoletniego procesu gromadzenia zbior\u00f3w.<\/p>\n<p>Ekspozycji b\u0119dzie towarzyszy\u0142 katalog.<\/p>\n<p>&nbsp;<\/p>\n<p><em>Informujemy, \u017ce wystawa sta\u0142a pozostaje nieczynna dla zwiedzaj\u0105cych. O uroczystym otwarciu nowej ekspozycji sta\u0142ej poinformujemy Pa\u0144stwa za po\u015brednictwem naszej strony internetowej i profilu na&nbsp;Facebook&#8217;u.<\/em><\/p>\n<p>&nbsp;<\/p>\n<p>Wystawa jubileuszowa jest&nbsp;elementem projektu pt.&nbsp;\u201eOd w\u0142oskich bufet\u00f3w po&nbsp;ebay kolekcjoner\u00f3w, czyli muzeum po&nbsp;drodze\u201d realizowanego przez&nbsp;Muzeum Kultury Kurpiowskiej w&nbsp;Ostro\u0142\u0119ce w&nbsp;ramach programu Ministra Kultury i&nbsp;Dziedzictwa Narodowego \u201eDziedzictwo kulturowe\u201d, priorytet \u201eWspieranie dzia\u0142a\u0144 muzealnych\u201d.<\/p>\n<p>&nbsp;<\/p>\n<p>&nbsp;<\/p>\n","protected":false},"excerpt":{"rendered":"<p>Szanowni Pa\u0144stwo! Z okazji obchod\u00f3w 40-lecia Muzeum Kultury Kurpiowskiej w&nbsp;Ostro\u0142\u0119ce, pragniemy zaprosi\u0107 na&nbsp;wernisa\u017c jubileuszowej wystawy czasowej pt.&nbsp;\u201eOd&nbsp;w\u0142oskich bufet\u00f3w po&nbsp;ebay kolekcjoner\u00f3w, czyli&nbsp;muzeum po&nbsp;drodze\u201d. Otwarcie ekspozycji odb\u0119dzie si\u011910&nbsp;pa\u017adziernika 2015 roku (sobota) o&nbsp;godz.&nbsp;16.00 w Muzeum Kultury Kurpiowskiej w Ostro\u0142\u0119ce. Zapraszamy! &nbsp; &nbsp;Wystawa \u201eOd&nbsp;w\u0142oskich bufet\u00f3w po&nbsp;ebay kolekcjoner\u00f3w, czyli&nbsp;muzeum po&nbsp;drodze\u201d ma&nbsp;na&nbsp;celu zaprezentowanie pionierskich inicjatyw muzealnych i&nbsp;kolekcjonerskich si\u0119gaj\u0105cych tworzonych na&nbsp;kanwie idei [&hellip;]<\/p>\n","protected":false},"author":1,"featured_media":615,"comment_status":"open","ping_status":"open","sticky":false,"template":"","format":"standard","meta":{"_acf_changed":false,"_lmt_disableupdate":"","_lmt_disable":"","_monsterinsights_skip_tracking":false,"_monsterinsights_sitenote_active":false,"_monsterinsights_sitenote_note":"","_monsterinsights_sitenote_category":0,"ngg_post_thumbnail":0,"footnotes":""},"categories":[37],"tags":[],"class_list":["post-617","post","type-post","status-publish","format-standard","has-post-thumbnail","hentry","category-wystawa"],"acf":[],"modified_by":"Daniel Go\u0142a\u015b","_links":{"self":[{"href":"https:\/\/muzeum.ostroleka.pl\/index.php?rest_route=\/wp\/v2\/posts\/617","targetHints":{"allow":["GET"]}}],"collection":[{"href":"https:\/\/muzeum.ostroleka.pl\/index.php?rest_route=\/wp\/v2\/posts"}],"about":[{"href":"https:\/\/muzeum.ostroleka.pl\/index.php?rest_route=\/wp\/v2\/types\/post"}],"author":[{"embeddable":true,"href":"https:\/\/muzeum.ostroleka.pl\/index.php?rest_route=\/wp\/v2\/users\/1"}],"replies":[{"embeddable":true,"href":"https:\/\/muzeum.ostroleka.pl\/index.php?rest_route=%2Fwp%2Fv2%2Fcomments&post=617"}],"version-history":[{"count":2,"href":"https:\/\/muzeum.ostroleka.pl\/index.php?rest_route=\/wp\/v2\/posts\/617\/revisions"}],"predecessor-version":[{"id":619,"href":"https:\/\/muzeum.ostroleka.pl\/index.php?rest_route=\/wp\/v2\/posts\/617\/revisions\/619"}],"wp:featuredmedia":[{"embeddable":true,"href":"https:\/\/muzeum.ostroleka.pl\/index.php?rest_route=\/wp\/v2\/media\/615"}],"wp:attachment":[{"href":"https:\/\/muzeum.ostroleka.pl\/index.php?rest_route=%2Fwp%2Fv2%2Fmedia&parent=617"}],"wp:term":[{"taxonomy":"category","embeddable":true,"href":"https:\/\/muzeum.ostroleka.pl\/index.php?rest_route=%2Fwp%2Fv2%2Fcategories&post=617"},{"taxonomy":"post_tag","embeddable":true,"href":"https:\/\/muzeum.ostroleka.pl\/index.php?rest_route=%2Fwp%2Fv2%2Ftags&post=617"}],"curies":[{"name":"wp","href":"https:\/\/api.w.org\/{rel}","templated":true}]}}