{"id":6178,"date":"2021-02-02T11:05:27","date_gmt":"2021-02-02T10:05:27","guid":{"rendered":"https:\/\/muzeum.ostroleka.pl\/?p=6178"},"modified":"2021-02-02T11:06:26","modified_gmt":"2021-02-02T10:06:26","slug":"swieto-matki-boskiej-gromnicznej","status":"publish","type":"post","link":"https:\/\/muzeum.ostroleka.pl\/?p=6178","title":{"rendered":"\u015awi\u0119to Matki Boskiej Gromnicznej"},"content":{"rendered":"<p style=\"text-align: justify;\">2 lutego przypada \u015awi\u0119to Ofiarowania Pa\u0144skiego, nazywane tradycyjnie \u015bwi\u0119tem Matki Boskiej Gromnicznej. \u015awi\u0119to przypomina nam o przyniesieniu przez Maryj\u0119 ma\u0142ego Jezusa do \u015bwi\u0105tyni jerozolimskiej i dokonaniu przez Ni\u0105 obrz\u0119du oczyszczenia, a tak\u017ce o wypowiedzianych przez Symeona s\u0142owach: \u201e\u015awiat\u0142o\u015b\u0107 na o\u015bwiecenie pogan i na chwa\u0142\u0119 Izraela\u201d (\u0141k 2, 32). Pami\u0105tk\u0105 tego wydarzenia jest procesja ze \u015bwiecami i obrz\u0119d ich po\u015bwi\u0119cenia.<!--more--> P\u0142omie\u0144 jest symbolem Jezusa i oznacza \u015awiat\u0142o\u015b\u0107 \u015bwiata. Tradycyjna nazwa \u015bwi\u0119ta kieruje jednak nasz\u0105 uwag\u0119 na maryjny jego wymiar, tak charakterystyczny dla ludno\u015bci zamieszkuj\u0105cej ca\u0142\u0105 Polsk\u0119.<\/p>\n<p style=\"text-align: justify;\">W zwi\u0105zku z tym \u015bwi\u0119tem kultywowano na Kurpiach wiele zwyczaj\u00f3w, a niekt\u00f3re wsie wyspecjalizowa\u0142y si\u0119 w produkcji \u015bwiec.<\/p>\n<p style=\"text-align: justify;\">Kurpie zanosili \u015bwiece do ko\u015bcio\u0142a, by je po\u015bwi\u0119ci\u0107. Wierzyli, \u017ce wracaj\u0105c z zapalonymi gromnicami, Matka Bo\u017ca uchroni id\u0105cych przed wilkami. Kobiety stara\u0142y si\u0119 donie\u015b\u0107 zapalone \u015bwiece do domu, poniewa\u017c g\u0142\u0119boko wierzy\u0142y, \u017ce ten, kto tego dokona, otrzyma Bo\u017ce b\u0142ogos\u0142awie\u0144stwo. Po powrocie z ko\u015bcio\u0142a gospodarz domu obchodzi\u0142 gospodarstwo, wykonuj\u0105c p\u0142omieniem znak krzy\u017ca na futrynach drzwi wej\u015bciowych do domu i budynk\u00f3w gospodarczych. Mia\u0142o to ustrzec przed nieszcz\u0119\u015bciem. Po\u015bwi\u0119con\u0105 i zapalon\u0105 gromnic\u0119 wykorzystywano tak\u017ce podczas burzy, obchodz\u0105c z ni\u0105 po trzykro\u0107 budynki z wiar\u0105 w chroni\u0105c\u0105 przed skutkami \u017cywio\u0142u moc jej p\u0142omienia. Zapalona gromnica towarzyszy\u0142a r\u00f3wnie\u017c ludziom na \u0142o\u017cu \u015bmierci. W\u0142o\u017cona w d\u0142onie konaj\u0105cej osoby mia\u0142a o\u015bwietla\u0107 drog\u0119 w pozaziemskim \u017cyciu. Wykorzystana w takich okoliczno\u015bciach traci\u0142a jednak swoje cudowne w\u0142a\u015bciwo\u015bci a\u017c do kolejnego po\u015bwi\u0119cenia.<\/p>\n<p style=\"text-align: justify;\">\u015awi\u0119tu Matki Boskiej Gromnicznej towarzyszy\u0142y te\u017c przys\u0142owia. Bardzo popularnym w Puszczy Zielonej by\u0142o powiedzenie: \u201eJak na Gromnice z dachu ciece, to si\u0119 zima odwlece\u201d. Oznacza\u0142o to, \u017ce zima potrwa d\u0142u\u017cej ni\u017c zwykle. Mr\u00f3z tego dnia zwiastowa\u0142 natomiast szybsze przyj\u015bcie wiosny. I tego si\u0119 trzymajmy.<\/p>\n<p>Na fotografii znajduje si\u0119 (b\u0119d\u0105ca w zasobach MKK) \u015bwieca wotywna, nr inw. MOO\/PNE\/203.<\/p>\n","protected":false},"excerpt":{"rendered":"<p>2 lutego przypada \u015awi\u0119to Ofiarowania Pa\u0144skiego, nazywane tradycyjnie \u015bwi\u0119tem Matki Boskiej Gromnicznej. \u015awi\u0119to przypomina nam o przyniesieniu przez Maryj\u0119 ma\u0142ego Jezusa do \u015bwi\u0105tyni jerozolimskiej i dokonaniu przez Ni\u0105 obrz\u0119du oczyszczenia, a tak\u017ce o wypowiedzianych przez Symeona s\u0142owach: \u201e\u015awiat\u0142o\u015b\u0107 na o\u015bwiecenie pogan i na chwa\u0142\u0119 Izraela\u201d (\u0141k 2, 32). Pami\u0105tk\u0105 tego wydarzenia jest procesja ze \u015bwiecami [&hellip;]<\/p>\n","protected":false},"author":3,"featured_media":6179,"comment_status":"closed","ping_status":"closed","sticky":false,"template":"","format":"standard","meta":{"_acf_changed":false,"_lmt_disableupdate":"","_lmt_disable":"","_monsterinsights_skip_tracking":false,"_monsterinsights_sitenote_active":false,"_monsterinsights_sitenote_note":"","_monsterinsights_sitenote_category":0,"ngg_post_thumbnail":0,"footnotes":""},"categories":[3,55],"tags":[],"class_list":["post-6178","post","type-post","status-publish","format-standard","has-post-thumbnail","hentry","category-aktualnosci","category-wirtualne-muzeum"],"acf":[],"modified_by":"Daniel Go\u0142a\u015b","_links":{"self":[{"href":"https:\/\/muzeum.ostroleka.pl\/index.php?rest_route=\/wp\/v2\/posts\/6178","targetHints":{"allow":["GET"]}}],"collection":[{"href":"https:\/\/muzeum.ostroleka.pl\/index.php?rest_route=\/wp\/v2\/posts"}],"about":[{"href":"https:\/\/muzeum.ostroleka.pl\/index.php?rest_route=\/wp\/v2\/types\/post"}],"author":[{"embeddable":true,"href":"https:\/\/muzeum.ostroleka.pl\/index.php?rest_route=\/wp\/v2\/users\/3"}],"replies":[{"embeddable":true,"href":"https:\/\/muzeum.ostroleka.pl\/index.php?rest_route=%2Fwp%2Fv2%2Fcomments&post=6178"}],"version-history":[{"count":3,"href":"https:\/\/muzeum.ostroleka.pl\/index.php?rest_route=\/wp\/v2\/posts\/6178\/revisions"}],"predecessor-version":[{"id":6182,"href":"https:\/\/muzeum.ostroleka.pl\/index.php?rest_route=\/wp\/v2\/posts\/6178\/revisions\/6182"}],"wp:featuredmedia":[{"embeddable":true,"href":"https:\/\/muzeum.ostroleka.pl\/index.php?rest_route=\/wp\/v2\/media\/6179"}],"wp:attachment":[{"href":"https:\/\/muzeum.ostroleka.pl\/index.php?rest_route=%2Fwp%2Fv2%2Fmedia&parent=6178"}],"wp:term":[{"taxonomy":"category","embeddable":true,"href":"https:\/\/muzeum.ostroleka.pl\/index.php?rest_route=%2Fwp%2Fv2%2Fcategories&post=6178"},{"taxonomy":"post_tag","embeddable":true,"href":"https:\/\/muzeum.ostroleka.pl\/index.php?rest_route=%2Fwp%2Fv2%2Ftags&post=6178"}],"curies":[{"name":"wp","href":"https:\/\/api.w.org\/{rel}","templated":true}]}}