{"id":6239,"date":"2021-02-15T14:03:32","date_gmt":"2021-02-15T13:03:32","guid":{"rendered":"https:\/\/muzeum.ostroleka.pl\/?p=6239"},"modified":"2021-02-15T14:03:32","modified_gmt":"2021-02-15T13:03:32","slug":"wystawy-zamkniete-do-odwolania","status":"publish","type":"post","link":"https:\/\/muzeum.ostroleka.pl\/?p=6239","title":{"rendered":"Wystawy zamkni\u0119te do odwo\u0142ania"},"content":{"rendered":"<p style=\"text-align: justify;\">Szanowni Pa\u0144stwo,<\/p>\n<p style=\"text-align: justify;\">informujemy, \u017ce wystawy w Muzeum Kultury Kurpiowskiej w Ostro\u0142\u0119ce przy Placu Bema 8 oraz w Pomniku Mauzoleum b\u0119d\u0105 zamkni\u0119te od 16 lutego 2021 roku do odwo\u0142ania.<\/p>\n<p style=\"text-align: justify;\">Zapraszamy serdecznie na stron\u0119 internetow\u0105 i Facebooka.<!--more--><\/p>\n","protected":false},"excerpt":{"rendered":"<p>Szanowni Pa\u0144stwo, informujemy, \u017ce wystawy w Muzeum Kultury Kurpiowskiej w Ostro\u0142\u0119ce przy Placu Bema 8 oraz w Pomniku Mauzoleum b\u0119d\u0105 zamkni\u0119te od 16 lutego 2021 roku do odwo\u0142ania. Zapraszamy serdecznie na stron\u0119 internetow\u0105 i Facebooka.<\/p>\n","protected":false},"author":3,"featured_media":6236,"comment_status":"closed","ping_status":"closed","sticky":false,"template":"","format":"standard","meta":{"_acf_changed":false,"_lmt_disableupdate":"","_lmt_disable":"","_monsterinsights_skip_tracking":false,"_monsterinsights_sitenote_active":false,"_monsterinsights_sitenote_note":"","_monsterinsights_sitenote_category":0,"ngg_post_thumbnail":0,"footnotes":""},"categories":[3],"tags":[],"class_list":["post-6239","post","type-post","status-publish","format-standard","has-post-thumbnail","hentry","category-aktualnosci"],"acf":[],"modified_by":"Daniel Go\u0142a\u015b","_links":{"self":[{"href":"https:\/\/muzeum.ostroleka.pl\/index.php?rest_route=\/wp\/v2\/posts\/6239","targetHints":{"allow":["GET"]}}],"collection":[{"href":"https:\/\/muzeum.ostroleka.pl\/index.php?rest_route=\/wp\/v2\/posts"}],"about":[{"href":"https:\/\/muzeum.ostroleka.pl\/index.php?rest_route=\/wp\/v2\/types\/post"}],"author":[{"embeddable":true,"href":"https:\/\/muzeum.ostroleka.pl\/index.php?rest_route=\/wp\/v2\/users\/3"}],"replies":[{"embeddable":true,"href":"https:\/\/muzeum.ostroleka.pl\/index.php?rest_route=%2Fwp%2Fv2%2Fcomments&post=6239"}],"version-history":[{"count":1,"href":"https:\/\/muzeum.ostroleka.pl\/index.php?rest_route=\/wp\/v2\/posts\/6239\/revisions"}],"predecessor-version":[{"id":6240,"href":"https:\/\/muzeum.ostroleka.pl\/index.php?rest_route=\/wp\/v2\/posts\/6239\/revisions\/6240"}],"wp:featuredmedia":[{"embeddable":true,"href":"https:\/\/muzeum.ostroleka.pl\/index.php?rest_route=\/wp\/v2\/media\/6236"}],"wp:attachment":[{"href":"https:\/\/muzeum.ostroleka.pl\/index.php?rest_route=%2Fwp%2Fv2%2Fmedia&parent=6239"}],"wp:term":[{"taxonomy":"category","embeddable":true,"href":"https:\/\/muzeum.ostroleka.pl\/index.php?rest_route=%2Fwp%2Fv2%2Fcategories&post=6239"},{"taxonomy":"post_tag","embeddable":true,"href":"https:\/\/muzeum.ostroleka.pl\/index.php?rest_route=%2Fwp%2Fv2%2Ftags&post=6239"}],"curies":[{"name":"wp","href":"https:\/\/api.w.org\/{rel}","templated":true}]}}