{"id":651,"date":"2016-08-25T11:55:00","date_gmt":"2016-08-25T10:55:00","guid":{"rendered":"http:\/\/mkk.wisnia.pl\/?p=651"},"modified":"2019-12-12T10:41:03","modified_gmt":"2019-12-12T09:41:03","slug":"za-nami-pierwsze-spotkania-z-cyklu-przyznaj-sie-co-zbierasz","status":"publish","type":"post","link":"https:\/\/muzeum.ostroleka.pl\/?p=651","title":{"rendered":"Za nami pierwsze spotkania z cyklu \u201ePrzyznaj si\u0119, co zbierasz?"},"content":{"rendered":"<div class=\"leadArticle\">\n<p><strong>8 i 15 listopada<\/strong>, w Muzeum Kultury Kurpiowskiej w Ostro\u0142\u0119ce odby\u0142y si\u0119 pierwsze spotkania z cyklu &#8222;<strong>Przyznaj si\u0119, co zbierasz?<\/strong>&#8222;, b\u0119d\u0105ce wydarzeniami&nbsp; towarzysz\u0105cymi wystawie jubileuszowej pt. \u201e<strong>Od w\u0142oskich bufet\u00f3w po ebay kolekcjoner\u00f3w, czyli muzeum po drodze<\/strong>\u201d.<\/p>\n<p>&nbsp;<br \/>\nOrganizowane cotygodniowo spotkania maj\u0105 na celu zaktywizowanie \u015brodowiska lokalnego do zaprezentowania w przestrzeni muzealnej swoich kolekcji, kt\u00f3re nie by\u0142y wcze\u015bniej publicznie prezentowane a \u015bwiadcz\u0105 o&nbsp;kreatywno\u015bci i pomys\u0142owo\u015bci ich w\u0142a\u015bcicieli.<\/p>\n<\/div>\n<p>Tematem przewodnim pierwszego spotkania, kt\u00f3re odby\u0142o si\u0119 8 listopada w&nbsp;siedzibie naszej plac\u00f3wki, by\u0142a \u201eSymbolika Or\u0142a Bia\u0142ego\u201d. Naszym go\u015bciem by\u0142 Stanis\u0142aw Czajkowski \u2013 kolekcjoner wizerunk\u00f3w Or\u0142a Bia\u0142ego pochodz\u0105cych z ubior\u00f3w, mundur\u00f3w polskich s\u0142u\u017cb cywilnych, wojskowych i&nbsp;paramilitarnych, kt\u00f3ry zaprezentowa\u0142 swoje zbiory oraz wyg\u0142osi\u0142 ciekaw\u0105 prelekcj\u0119 na temat symboliki Or\u0142a Bia\u0142ego.<\/p>\n<p>W ubieg\u0142\u0105 niedziel\u0119, 15 listopada, mieli\u015bmy okazj\u0119 do obejrzenia kolekcji gramofon\u00f3w oraz pos\u0142uchania p\u0142yt gramofonowych i analogowych.&nbsp; Tym razem go\u015bcili\u015bmy Zenona Kowalczyka &#8211; artyst\u0119 grafika, kierownika Galerii Ostro\u0142\u0119ka, kt\u00f3ry przyj\u0105\u0142 nasze zaproszenie do udzia\u0142u w realizacji zadania &#8222;Od w\u0142oskich bufet\u00f3w po ebay kolekcjoner\u00f3w, czyli muzeum po drodze&#8221;. To w\u0142a\u015bnie jemu zawdzi\u0119czamy projekty plakat\u00f3w, zaprosze\u0144 i katalogu. Podczas spotkania towarzyszy\u0142 mu Bogus\u0142aw Kilimon, dj kolekcjonuj\u0105cy p\u0142yty winylowe.<\/p>\n<p>Dzi\u0119kujemy wszystkim bohaterom i przyby\u0142ym go\u015bciom za wsp\u00f3lnie sp\u0119dzony czas we wspania\u0142ej atmosferze. Mamy nadziej\u0119, \u017ce nast\u0119pna propozycja zostanie przez Pa\u0144stwa przyj\u0119ta z podobnym zainteresowaniem.<\/p>\n<p><strong>Kolejne i ostatnie zarazem spotkanie z cyklu \u201ePrzyznaj si\u0119, co zbierasz?\u201d odb\u0119dzie si\u0119 w najbli\u017csz\u0105 niedziel\u0119, 22 listopada, w godz. 15.00-17.00 w Muzeum Kultury Kurpiowskiej w Ostro\u0142\u0119ce, przy placu gen.&nbsp;J\u00f3zefa Bema 8.<\/strong><br \/>\nSerdecznie zapraszamy!<\/p>\n<p><em>Cykl spotka\u0144 \u201ePrzyznaj si\u0119, co zbierasz?\u201d organizowany jest w ramach projektu &#8222;Od w\u0142oskich bufet\u00f3w po ebay kolekcjoner\u00f3w, czyli muzeum po drodze&#8221; finansowanego przez Ministerstwo Kultury i Dziedzictwa Narodowego oraz Samorz\u0105d Wojew\u00f3dztwa Mazowieckiego.<\/em><\/p>\n<p>&nbsp;<\/p>\n<p><img loading=\"lazy\" decoding=\"async\" class=\"alignnone size-full wp-image-576\" src=\"http:\/\/mkk.wisnia.pl\/wp-content\/uploads\/2019\/10\/40lat-Kopia.png\" alt=\"\" width=\"180\" height=\"180\" srcset=\"https:\/\/muzeum.ostroleka.pl\/wp-content\/uploads\/2019\/10\/40lat-Kopia.png 180w, https:\/\/muzeum.ostroleka.pl\/wp-content\/uploads\/2019\/10\/40lat-Kopia-150x150.png 150w\" sizes=\"auto, (max-width: 180px) 100vw, 180px\" \/> <img loading=\"lazy\" decoding=\"async\" class=\"alignnone size-medium wp-image-578\" src=\"http:\/\/mkk.wisnia.pl\/wp-content\/uploads\/2019\/10\/mkk_MKiDN-01_cmyk_011-1-300x193.jpg\" alt=\"\" width=\"300\" height=\"193\" srcset=\"https:\/\/muzeum.ostroleka.pl\/wp-content\/uploads\/2019\/10\/mkk_MKiDN-01_cmyk_011-1-300x193.jpg 300w, https:\/\/muzeum.ostroleka.pl\/wp-content\/uploads\/2019\/10\/mkk_MKiDN-01_cmyk_011-1.jpg 320w\" sizes=\"auto, (max-width: 300px) 100vw, 300px\" \/> <img loading=\"lazy\" decoding=\"async\" class=\"alignnone wp-image-577\" src=\"http:\/\/mkk.wisnia.pl\/wp-content\/uploads\/2019\/10\/Bez-nazwy-2.png\" alt=\"\" width=\"283\" height=\"150\" srcset=\"https:\/\/muzeum.ostroleka.pl\/wp-content\/uploads\/2019\/10\/Bez-nazwy-2.png 151w, https:\/\/muzeum.ostroleka.pl\/wp-content\/uploads\/2019\/10\/Bez-nazwy-2-150x80.png 150w\" sizes=\"auto, (max-width: 283px) 100vw, 283px\" \/> <img loading=\"lazy\" decoding=\"async\" class=\"alignnone size-medium wp-image-391\" src=\"http:\/\/mkk.wisnia.pl\/wp-content\/uploads\/2019\/10\/Logo-mazowsze-300x107.jpg\" alt=\"\" width=\"300\" height=\"107\" srcset=\"https:\/\/muzeum.ostroleka.pl\/wp-content\/uploads\/2019\/10\/Logo-mazowsze-300x107.jpg 300w, https:\/\/muzeum.ostroleka.pl\/wp-content\/uploads\/2019\/10\/Logo-mazowsze-500x179.jpg 500w, https:\/\/muzeum.ostroleka.pl\/wp-content\/uploads\/2019\/10\/Logo-mazowsze.jpg 517w\" sizes=\"auto, (max-width: 300px) 100vw, 300px\" \/><\/p>\n<p>&nbsp;<\/p>\nngg_shortcode_0_placeholder\n<p>&nbsp;<\/p>\n<p>&nbsp;<\/p>\n","protected":false},"excerpt":{"rendered":"<p>8 i 15 listopada, w Muzeum Kultury Kurpiowskiej w Ostro\u0142\u0119ce odby\u0142y si\u0119 pierwsze spotkania z cyklu &#8222;Przyznaj si\u0119, co zbierasz?&#8222;, b\u0119d\u0105ce wydarzeniami&nbsp; towarzysz\u0105cymi wystawie jubileuszowej pt. \u201eOd w\u0142oskich bufet\u00f3w po ebay kolekcjoner\u00f3w, czyli muzeum po drodze\u201d. &nbsp; Organizowane cotygodniowo spotkania maj\u0105 na celu zaktywizowanie \u015brodowiska lokalnego do zaprezentowania w przestrzeni muzealnej swoich kolekcji, kt\u00f3re nie [&hellip;]<\/p>\n","protected":false},"author":1,"featured_media":576,"comment_status":"open","ping_status":"open","sticky":false,"template":"","format":"standard","meta":{"_acf_changed":false,"_lmt_disableupdate":"","_lmt_disable":"","_monsterinsights_skip_tracking":false,"_monsterinsights_sitenote_active":false,"_monsterinsights_sitenote_note":"","_monsterinsights_sitenote_category":0,"ngg_post_thumbnail":0,"footnotes":""},"categories":[38],"tags":[],"class_list":["post-651","post","type-post","status-publish","format-standard","has-post-thumbnail","hentry","category-spotkania"],"acf":[],"modified_by":"Daniel Go\u0142a\u015b","_links":{"self":[{"href":"https:\/\/muzeum.ostroleka.pl\/index.php?rest_route=\/wp\/v2\/posts\/651","targetHints":{"allow":["GET"]}}],"collection":[{"href":"https:\/\/muzeum.ostroleka.pl\/index.php?rest_route=\/wp\/v2\/posts"}],"about":[{"href":"https:\/\/muzeum.ostroleka.pl\/index.php?rest_route=\/wp\/v2\/types\/post"}],"author":[{"embeddable":true,"href":"https:\/\/muzeum.ostroleka.pl\/index.php?rest_route=\/wp\/v2\/users\/1"}],"replies":[{"embeddable":true,"href":"https:\/\/muzeum.ostroleka.pl\/index.php?rest_route=%2Fwp%2Fv2%2Fcomments&post=651"}],"version-history":[{"count":4,"href":"https:\/\/muzeum.ostroleka.pl\/index.php?rest_route=\/wp\/v2\/posts\/651\/revisions"}],"predecessor-version":[{"id":671,"href":"https:\/\/muzeum.ostroleka.pl\/index.php?rest_route=\/wp\/v2\/posts\/651\/revisions\/671"}],"wp:featuredmedia":[{"embeddable":true,"href":"https:\/\/muzeum.ostroleka.pl\/index.php?rest_route=\/wp\/v2\/media\/576"}],"wp:attachment":[{"href":"https:\/\/muzeum.ostroleka.pl\/index.php?rest_route=%2Fwp%2Fv2%2Fmedia&parent=651"}],"wp:term":[{"taxonomy":"category","embeddable":true,"href":"https:\/\/muzeum.ostroleka.pl\/index.php?rest_route=%2Fwp%2Fv2%2Fcategories&post=651"},{"taxonomy":"post_tag","embeddable":true,"href":"https:\/\/muzeum.ostroleka.pl\/index.php?rest_route=%2Fwp%2Fv2%2Ftags&post=651"}],"curies":[{"name":"wp","href":"https:\/\/api.w.org\/{rel}","templated":true}]}}