{"id":675,"date":"2016-08-25T12:03:00","date_gmt":"2016-08-25T11:03:00","guid":{"rendered":"http:\/\/mkk.wisnia.pl\/?p=675"},"modified":"2019-12-12T10:42:35","modified_gmt":"2019-12-12T09:42:35","slug":"muzeum-zaprasza-na-dzien-kolekcjonera","status":"publish","type":"post","link":"https:\/\/muzeum.ostroleka.pl\/?p=675","title":{"rendered":"Muzeum zaprasza na Dzie\u0144 Kolekcjonera!"},"content":{"rendered":"<div class=\"leadArticle\">\n<p>Kolekcjonujesz co\u015b? A mo\u017ce chcesz kolekcjonowa\u0107 i szukasz inspiracji? Zapraszamy do&nbsp;Muzeum Kultury Kurpiowskiej w Ostro\u0142\u0119ce na&nbsp;<strong>Dzie\u0144 Kolekcjonera<\/strong>, b\u0119d\u0105cy jednym z&nbsp;wydarze\u0144 towarzysz\u0105cych obchodom jubileuszu 40-lecia dzia\u0142alno\u015bci ostro\u0142\u0119ckiej plac\u00f3wki. Zach\u0119camy kolekcjoner\u00f3w do&nbsp;prezentacji swoich zbior\u00f3w oraz wszystkie osoby zainteresowane kolekcjonerstwem do&nbsp;obejrzenia stoisk. Spotkanie b\u0119dzie mia\u0142o charakter otwarty.<\/p>\n<\/div>\n<p>Prezentacja lokalnych kolekcji to&nbsp;nie&nbsp;jedyna atrakcja podczas organizowanego przez ostro\u0142\u0119ck\u0105 plac\u00f3wk\u0119 wydarzenia. Zebrani go\u015bcie b\u0119d\u0105 mogli bezp\u0142atnie zwiedzi\u0107 jubileuszow\u0105 wystaw\u0119 czasow\u0105 pt.&nbsp;\u201eOd&nbsp;w\u0142oskich bufet\u00f3w po&nbsp;ebay kolekcjoner\u00f3w, czyli muzeum po drodze\u201d prezentowan\u0105 w&nbsp;Muzeum Kultury Kurpiowskiej w&nbsp;Ostro\u0142\u0119ce od&nbsp;10&nbsp;pa\u017adziernika do&nbsp;13 grudnia br.&nbsp;Podczas Dnia Kolekcjonera nast\u0105pi og\u0142oszenie wynik\u00f3w i&nbsp;wr\u0119czenie nagr\u00f3d laureatom \u201ePowiatowego Konkursu Plastyczno-Literackiego \u201eZaczyna si\u0119 niewinnie. Mali kolekcjonerzy&#8221;. Konkurs, w&nbsp;kt\u00f3rym wzi\u0119\u0142y udzia\u0142 dzieci z&nbsp;Ostro\u0142\u0119ki i&nbsp;powiatu ostro\u0142\u0119ckiego w&nbsp;wieku od&nbsp;5 do&nbsp;13 lat, mia\u0142 na&nbsp;celu propagowanie zasad \u015bwiadomego kolekcjonerstwa. Zadaniem uczestnik\u00f3w by\u0142o zaprezentowanie (w&nbsp;formie plastycznej lub literackiej) swojej prawdziwej b\u0105d\u017a wymarzonej kolekcji. Fundatorem nagr\u00f3d w&nbsp;konkursie s\u0105&nbsp;Starostwo Powiatowe w&nbsp;Ostro\u0142\u0119ce i&nbsp;Muzeum Kultury Kurpiowskiej w&nbsp;Ostro\u0142\u0119ce.<\/p>\n<p><strong>Osoby zainteresowane prezentacj\u0105 swoich zbior\u00f3w podczas Dnia Kolekcjonera proszone s\u0105&nbsp;o&nbsp;skontaktowanie si\u0119 z&nbsp;Dzia\u0142em Historyczno-Artystycznym Muzeum Kultury Kurpiowskiej w&nbsp;Ostro\u0142\u0119ce, plac gen. J\u00f3zefa Bema 8, tel.: 29 764 54 43, wew. 35, e-mail:&nbsp;&nbsp;<a href=\"mailto:historia2@muzeum-ostroleka.art.pl\">historia2@muzeum-ostroleka.art.pl<\/a>. Koordynatorem projektu jest Joanna Zy\u015bk.<\/strong><\/p>\n<p>Dzie\u0144 Kolekcjonera odb\u0119dzie si\u0119 w Muzeum Kultury Kurpiowskiej w Ostro\u0142\u0119ce przy placu gen. J\u00f3zefa Bema 8 w sobot\u0119 17 pa\u017adziernika 2015 roku, w godz. 12.00-17.00.<\/p>\n<p>Dzie\u0144 Kolekcjonera jest cz\u0119\u015bci\u0105 projektu \u201eOd w\u0142oskich bufet\u00f3w po ebay kolekcjoner\u00f3w, czyli muzeum po drodze\u201d finansowanego przez Ministerstwo Kultury i Dziedzictwa Narodowego Samorz\u0105d Wojew\u00f3dztwa Mazowieckiego.<\/p>\n<p>&nbsp;<\/p>\n<p><img loading=\"lazy\" decoding=\"async\" class=\"alignnone size-full wp-image-576\" src=\"http:\/\/mkk.wisnia.pl\/wp-content\/uploads\/2019\/10\/40lat-Kopia.png\" alt=\"\" width=\"180\" height=\"180\" srcset=\"https:\/\/muzeum.ostroleka.pl\/wp-content\/uploads\/2019\/10\/40lat-Kopia.png 180w, https:\/\/muzeum.ostroleka.pl\/wp-content\/uploads\/2019\/10\/40lat-Kopia-150x150.png 150w\" sizes=\"auto, (max-width: 180px) 100vw, 180px\" \/> <img loading=\"lazy\" decoding=\"async\" class=\"alignnone size-medium wp-image-578\" src=\"http:\/\/mkk.wisnia.pl\/wp-content\/uploads\/2019\/10\/mkk_MKiDN-01_cmyk_011-1-300x193.jpg\" alt=\"\" width=\"300\" height=\"193\" srcset=\"https:\/\/muzeum.ostroleka.pl\/wp-content\/uploads\/2019\/10\/mkk_MKiDN-01_cmyk_011-1-300x193.jpg 300w, https:\/\/muzeum.ostroleka.pl\/wp-content\/uploads\/2019\/10\/mkk_MKiDN-01_cmyk_011-1.jpg 320w\" sizes=\"auto, (max-width: 300px) 100vw, 300px\" \/> <img loading=\"lazy\" decoding=\"async\" class=\"alignnone size-full wp-image-577\" src=\"http:\/\/mkk.wisnia.pl\/wp-content\/uploads\/2019\/10\/Bez-nazwy-2.png\" alt=\"\" width=\"151\" height=\"80\" srcset=\"https:\/\/muzeum.ostroleka.pl\/wp-content\/uploads\/2019\/10\/Bez-nazwy-2.png 151w, https:\/\/muzeum.ostroleka.pl\/wp-content\/uploads\/2019\/10\/Bez-nazwy-2-150x80.png 150w\" sizes=\"auto, (max-width: 151px) 100vw, 151px\" \/> <img loading=\"lazy\" decoding=\"async\" class=\"alignnone size-medium wp-image-391\" src=\"http:\/\/mkk.wisnia.pl\/wp-content\/uploads\/2019\/10\/Logo-mazowsze-300x107.jpg\" alt=\"\" width=\"300\" height=\"107\" srcset=\"https:\/\/muzeum.ostroleka.pl\/wp-content\/uploads\/2019\/10\/Logo-mazowsze-300x107.jpg 300w, https:\/\/muzeum.ostroleka.pl\/wp-content\/uploads\/2019\/10\/Logo-mazowsze-500x179.jpg 500w, https:\/\/muzeum.ostroleka.pl\/wp-content\/uploads\/2019\/10\/Logo-mazowsze.jpg 517w\" sizes=\"auto, (max-width: 300px) 100vw, 300px\" \/> <img loading=\"lazy\" decoding=\"async\" class=\"alignnone wp-image-594\" src=\"http:\/\/mkk.wisnia.pl\/wp-content\/uploads\/2019\/10\/mkk_kolorowy_006-1-300x144.jpg\" alt=\"\" width=\"210\" height=\"101\" srcset=\"https:\/\/muzeum.ostroleka.pl\/wp-content\/uploads\/2019\/10\/mkk_kolorowy_006-1-300x144.jpg 300w, https:\/\/muzeum.ostroleka.pl\/wp-content\/uploads\/2019\/10\/mkk_kolorowy_006-1.jpg 320w\" sizes=\"auto, (max-width: 210px) 100vw, 210px\" \/><\/p>\n<p>&nbsp;<\/p>\n<p><img loading=\"lazy\" decoding=\"async\" class=\"alignnone wp-image-679\" src=\"http:\/\/mkk.wisnia.pl\/wp-content\/uploads\/2019\/10\/zaproszenie_Dzien_kolekcjonera_2-211x300.jpg\" alt=\"\" width=\"481\" height=\"684\" srcset=\"https:\/\/muzeum.ostroleka.pl\/wp-content\/uploads\/2019\/10\/zaproszenie_Dzien_kolekcjonera_2-211x300.jpg 211w, https:\/\/muzeum.ostroleka.pl\/wp-content\/uploads\/2019\/10\/zaproszenie_Dzien_kolekcjonera_2-719x1024.jpg 719w, https:\/\/muzeum.ostroleka.pl\/wp-content\/uploads\/2019\/10\/zaproszenie_Dzien_kolekcjonera_2-316x450.jpg 316w\" sizes=\"auto, (max-width: 481px) 100vw, 481px\" \/><\/p>\n<p>&nbsp;<\/p>\n<p>&nbsp;<\/p>\n<p>&nbsp;<\/p>\n<p>&nbsp;<\/p>\n","protected":false},"excerpt":{"rendered":"<p>Kolekcjonujesz co\u015b? A mo\u017ce chcesz kolekcjonowa\u0107 i szukasz inspiracji? Zapraszamy do&nbsp;Muzeum Kultury Kurpiowskiej w Ostro\u0142\u0119ce na&nbsp;Dzie\u0144 Kolekcjonera, b\u0119d\u0105cy jednym z&nbsp;wydarze\u0144 towarzysz\u0105cych obchodom jubileuszu 40-lecia dzia\u0142alno\u015bci ostro\u0142\u0119ckiej plac\u00f3wki. Zach\u0119camy kolekcjoner\u00f3w do&nbsp;prezentacji swoich zbior\u00f3w oraz wszystkie osoby zainteresowane kolekcjonerstwem do&nbsp;obejrzenia stoisk. Spotkanie b\u0119dzie mia\u0142o charakter otwarty. Prezentacja lokalnych kolekcji to&nbsp;nie&nbsp;jedyna atrakcja podczas organizowanego przez ostro\u0142\u0119ck\u0105 plac\u00f3wk\u0119 wydarzenia. [&hellip;]<\/p>\n","protected":false},"author":1,"featured_media":615,"comment_status":"open","ping_status":"open","sticky":false,"template":"","format":"standard","meta":{"_acf_changed":false,"_lmt_disableupdate":"","_lmt_disable":"","_monsterinsights_skip_tracking":false,"_monsterinsights_sitenote_active":false,"_monsterinsights_sitenote_note":"","_monsterinsights_sitenote_category":0,"ngg_post_thumbnail":0,"footnotes":""},"categories":[39],"tags":[],"class_list":["post-675","post","type-post","status-publish","format-standard","has-post-thumbnail","hentry","category-dzien-kolekcjonera"],"acf":[],"modified_by":"Daniel Go\u0142a\u015b","_links":{"self":[{"href":"https:\/\/muzeum.ostroleka.pl\/index.php?rest_route=\/wp\/v2\/posts\/675","targetHints":{"allow":["GET"]}}],"collection":[{"href":"https:\/\/muzeum.ostroleka.pl\/index.php?rest_route=\/wp\/v2\/posts"}],"about":[{"href":"https:\/\/muzeum.ostroleka.pl\/index.php?rest_route=\/wp\/v2\/types\/post"}],"author":[{"embeddable":true,"href":"https:\/\/muzeum.ostroleka.pl\/index.php?rest_route=\/wp\/v2\/users\/1"}],"replies":[{"embeddable":true,"href":"https:\/\/muzeum.ostroleka.pl\/index.php?rest_route=%2Fwp%2Fv2%2Fcomments&post=675"}],"version-history":[{"count":4,"href":"https:\/\/muzeum.ostroleka.pl\/index.php?rest_route=\/wp\/v2\/posts\/675\/revisions"}],"predecessor-version":[{"id":680,"href":"https:\/\/muzeum.ostroleka.pl\/index.php?rest_route=\/wp\/v2\/posts\/675\/revisions\/680"}],"wp:featuredmedia":[{"embeddable":true,"href":"https:\/\/muzeum.ostroleka.pl\/index.php?rest_route=\/wp\/v2\/media\/615"}],"wp:attachment":[{"href":"https:\/\/muzeum.ostroleka.pl\/index.php?rest_route=%2Fwp%2Fv2%2Fmedia&parent=675"}],"wp:term":[{"taxonomy":"category","embeddable":true,"href":"https:\/\/muzeum.ostroleka.pl\/index.php?rest_route=%2Fwp%2Fv2%2Fcategories&post=675"},{"taxonomy":"post_tag","embeddable":true,"href":"https:\/\/muzeum.ostroleka.pl\/index.php?rest_route=%2Fwp%2Fv2%2Ftags&post=675"}],"curies":[{"name":"wp","href":"https:\/\/api.w.org\/{rel}","templated":true}]}}