{"id":6780,"date":"2021-04-29T14:17:59","date_gmt":"2021-04-29T13:17:59","guid":{"rendered":"https:\/\/muzeum.ostroleka.pl\/?p=6780"},"modified":"2021-04-29T14:17:59","modified_gmt":"2021-04-29T13:17:59","slug":"muzeum-kultury-kurpiowskiej-niebawem-ponownie-otwarte-2","status":"publish","type":"post","link":"https:\/\/muzeum.ostroleka.pl\/?p=6780","title":{"rendered":"Muzeum Kultury Kurpiowskiej niebawem ponownie otwarte"},"content":{"rendered":"<p style=\"text-align: justify;\">Drodzy Pa\u0144stwo,<br \/>\nmi\u0142o nam poinformowa\u0107, \u017ce od 4 maja 2021 r. Muzeum Kultury Kurpiowskiej w Ostro\u0142\u0119ce, Pomnik Mauzoleum \u017co\u0142nierzy poleg\u0142ych w bitwie pod Ostro\u0142\u0119k\u0105 26 maja 1831 roku oraz Zagroda Kurpiowska w Kadzidle zostaj\u0105 otwarte dla zwiedzaj\u0105cych. Pragniemy jednocze\u015bnie zaznaczy\u0107, \u017ce nadal obowi\u0105zuje re\u017cim sanitarny.<\/p>\n<p style=\"text-align: justify;\">Serdecznie zapraszamy.<!--more--><\/p>\n","protected":false},"excerpt":{"rendered":"<p>Drodzy Pa\u0144stwo, mi\u0142o nam poinformowa\u0107, \u017ce od 4 maja 2021 r. Muzeum Kultury Kurpiowskiej w Ostro\u0142\u0119ce, Pomnik Mauzoleum \u017co\u0142nierzy poleg\u0142ych w bitwie pod Ostro\u0142\u0119k\u0105 26 maja 1831 roku oraz Zagroda Kurpiowska w Kadzidle zostaj\u0105 otwarte dla zwiedzaj\u0105cych. Pragniemy jednocze\u015bnie zaznaczy\u0107, \u017ce nadal obowi\u0105zuje re\u017cim sanitarny. Serdecznie zapraszamy.<\/p>\n","protected":false},"author":3,"featured_media":6781,"comment_status":"closed","ping_status":"closed","sticky":false,"template":"","format":"standard","meta":{"_acf_changed":false,"_lmt_disableupdate":"","_lmt_disable":"","_monsterinsights_skip_tracking":false,"_monsterinsights_sitenote_active":false,"_monsterinsights_sitenote_note":"","_monsterinsights_sitenote_category":0,"ngg_post_thumbnail":0,"footnotes":""},"categories":[3],"tags":[],"class_list":["post-6780","post","type-post","status-publish","format-standard","has-post-thumbnail","hentry","category-aktualnosci"],"acf":[],"modified_by":"Daniel Go\u0142a\u015b","_links":{"self":[{"href":"https:\/\/muzeum.ostroleka.pl\/index.php?rest_route=\/wp\/v2\/posts\/6780","targetHints":{"allow":["GET"]}}],"collection":[{"href":"https:\/\/muzeum.ostroleka.pl\/index.php?rest_route=\/wp\/v2\/posts"}],"about":[{"href":"https:\/\/muzeum.ostroleka.pl\/index.php?rest_route=\/wp\/v2\/types\/post"}],"author":[{"embeddable":true,"href":"https:\/\/muzeum.ostroleka.pl\/index.php?rest_route=\/wp\/v2\/users\/3"}],"replies":[{"embeddable":true,"href":"https:\/\/muzeum.ostroleka.pl\/index.php?rest_route=%2Fwp%2Fv2%2Fcomments&post=6780"}],"version-history":[{"count":1,"href":"https:\/\/muzeum.ostroleka.pl\/index.php?rest_route=\/wp\/v2\/posts\/6780\/revisions"}],"predecessor-version":[{"id":6782,"href":"https:\/\/muzeum.ostroleka.pl\/index.php?rest_route=\/wp\/v2\/posts\/6780\/revisions\/6782"}],"wp:featuredmedia":[{"embeddable":true,"href":"https:\/\/muzeum.ostroleka.pl\/index.php?rest_route=\/wp\/v2\/media\/6781"}],"wp:attachment":[{"href":"https:\/\/muzeum.ostroleka.pl\/index.php?rest_route=%2Fwp%2Fv2%2Fmedia&parent=6780"}],"wp:term":[{"taxonomy":"category","embeddable":true,"href":"https:\/\/muzeum.ostroleka.pl\/index.php?rest_route=%2Fwp%2Fv2%2Fcategories&post=6780"},{"taxonomy":"post_tag","embeddable":true,"href":"https:\/\/muzeum.ostroleka.pl\/index.php?rest_route=%2Fwp%2Fv2%2Ftags&post=6780"}],"curies":[{"name":"wp","href":"https:\/\/api.w.org\/{rel}","templated":true}]}}