{"id":6915,"date":"2021-05-12T14:48:17","date_gmt":"2021-05-12T13:48:17","guid":{"rendered":"https:\/\/muzeum.ostroleka.pl\/?p=6915"},"modified":"2021-05-12T14:48:17","modified_gmt":"2021-05-12T13:48:17","slug":"86-rocznica-smierci-wielkiego-polaka","status":"publish","type":"post","link":"https:\/\/muzeum.ostroleka.pl\/?p=6915","title":{"rendered":"86. rocznica \u015bmierci wielkiego Polaka"},"content":{"rendered":"<p style=\"text-align: justify;\">Dzi\u015b, 12 maja 2021 r. mija 86. rocznica \u015bmierci marsza\u0142ka J\u00f3zefa Pi\u0142sudskiego.<!--more--> By\u0142 nieocenionym \u017co\u0142nierzem, politykiem, dzia\u0142aczem spo\u0142ecznym, m\u0119\u017cem stanu, dow\u00f3dc\u0105 I Brygady Legion\u00f3w Polskich, Naczelnym Wodzem podczas wojny z bolszewikami w latach 1919-1921. Marsza\u0142ek J\u00f3zef Pi\u0142sudski to jedna z postaci w naszej historii, dzi\u0119ki kt\u00f3rej zaszczytem i dum\u0105 jest by\u0107 Polakiem.<\/p>\n<p>Cze\u015b\u0107 Jego pami\u0119ci!<\/p>\n<p>&nbsp;<\/p>\n<p>Na fotografii: delegacja ostro\u0142\u0119czan przy sypaniu Kopca Pi\u0142sudskiego w Krakowie. Urna w kszta\u0142cie chaty kurpiowskiej zawiera\u0142a ziemi\u0119 z pola bitwy pod Ostro\u0142\u0119k\u0105, autor nieznany, 1935 r., nr inw. MKK\/HA\/1232.<\/p>\n","protected":false},"excerpt":{"rendered":"<p>Dzi\u015b, 12 maja 2021 r. mija 86. rocznica \u015bmierci marsza\u0142ka J\u00f3zefa Pi\u0142sudskiego.<\/p>\n","protected":false},"author":3,"featured_media":6916,"comment_status":"closed","ping_status":"closed","sticky":false,"template":"","format":"standard","meta":{"_acf_changed":false,"_lmt_disableupdate":"","_lmt_disable":"","_monsterinsights_skip_tracking":false,"_monsterinsights_sitenote_active":false,"_monsterinsights_sitenote_note":"","_monsterinsights_sitenote_category":0,"ngg_post_thumbnail":0,"footnotes":""},"categories":[3,55],"tags":[],"class_list":["post-6915","post","type-post","status-publish","format-standard","has-post-thumbnail","hentry","category-aktualnosci","category-wirtualne-muzeum"],"acf":[],"modified_by":"Daniel Go\u0142a\u015b","_links":{"self":[{"href":"https:\/\/muzeum.ostroleka.pl\/index.php?rest_route=\/wp\/v2\/posts\/6915","targetHints":{"allow":["GET"]}}],"collection":[{"href":"https:\/\/muzeum.ostroleka.pl\/index.php?rest_route=\/wp\/v2\/posts"}],"about":[{"href":"https:\/\/muzeum.ostroleka.pl\/index.php?rest_route=\/wp\/v2\/types\/post"}],"author":[{"embeddable":true,"href":"https:\/\/muzeum.ostroleka.pl\/index.php?rest_route=\/wp\/v2\/users\/3"}],"replies":[{"embeddable":true,"href":"https:\/\/muzeum.ostroleka.pl\/index.php?rest_route=%2Fwp%2Fv2%2Fcomments&post=6915"}],"version-history":[{"count":1,"href":"https:\/\/muzeum.ostroleka.pl\/index.php?rest_route=\/wp\/v2\/posts\/6915\/revisions"}],"predecessor-version":[{"id":6917,"href":"https:\/\/muzeum.ostroleka.pl\/index.php?rest_route=\/wp\/v2\/posts\/6915\/revisions\/6917"}],"wp:featuredmedia":[{"embeddable":true,"href":"https:\/\/muzeum.ostroleka.pl\/index.php?rest_route=\/wp\/v2\/media\/6916"}],"wp:attachment":[{"href":"https:\/\/muzeum.ostroleka.pl\/index.php?rest_route=%2Fwp%2Fv2%2Fmedia&parent=6915"}],"wp:term":[{"taxonomy":"category","embeddable":true,"href":"https:\/\/muzeum.ostroleka.pl\/index.php?rest_route=%2Fwp%2Fv2%2Fcategories&post=6915"},{"taxonomy":"post_tag","embeddable":true,"href":"https:\/\/muzeum.ostroleka.pl\/index.php?rest_route=%2Fwp%2Fv2%2Ftags&post=6915"}],"curies":[{"name":"wp","href":"https:\/\/api.w.org\/{rel}","templated":true}]}}