{"id":7005,"date":"2021-05-18T10:19:07","date_gmt":"2021-05-18T09:19:07","guid":{"rendered":"https:\/\/muzeum.ostroleka.pl\/?p=7005"},"modified":"2021-05-18T11:23:46","modified_gmt":"2021-05-18T10:23:46","slug":"miedzynarodowy-dzien-muzeow","status":"publish","type":"post","link":"https:\/\/muzeum.ostroleka.pl\/?p=7005","title":{"rendered":"Mi\u0119dzynarodowy Dzie\u0144 Muze\u00f3w"},"content":{"rendered":"<p>18 maja obchodzony jest Mi\u0119dzynarodowy Dzie\u0144 Muze\u00f3w. Zosta\u0142 ustanowiony przez ICOM w 1977 roku. W majowy weekend poprzedzaj\u0105cy to \u015bwi\u0119to organizowana jest od 1997 roku Noc Muze\u00f3w. Muzealnikom, w szczeg\u00f3lno\u015bci z Muzeum Kultury Kurpiowskiej, z kt\u00f3rymi mam przyjemno\u015b\u0107 i zaszczyt pracowa\u0107, w dniu Ich \u015bwi\u0119ta \u017cycz\u0119 satysfakcji z pe\u0142nionej misji, wytrwa\u0142o\u015bci w realizacji zamierze\u0144, spe\u0142nienia marze\u0144, zdrowia, szcz\u0119\u015bcia, w \u017cyciu osobistym wielu powod\u00f3w do rado\u015bci.<\/p>\n<p>Maria Samsel<\/p>\n","protected":false},"excerpt":{"rendered":"<p>18 maja obchodzony jest Mi\u0119dzynarodowy Dzie\u0144 Muze\u00f3w. Zosta\u0142 ustanowiony przez ICOM w 1977 roku. W majowy weekend poprzedzaj\u0105cy to \u015bwi\u0119to organizowana jest od 1997 roku Noc Muze\u00f3w. Muzealnikom, w szczeg\u00f3lno\u015bci z Muzeum Kultury Kurpiowskiej, z kt\u00f3rymi mam przyjemno\u015b\u0107 i zaszczyt pracowa\u0107, w dniu Ich \u015bwi\u0119ta \u017cycz\u0119 satysfakcji z pe\u0142nionej misji, wytrwa\u0142o\u015bci w realizacji zamierze\u0144, spe\u0142nienia [&hellip;]<\/p>\n","protected":false},"author":3,"featured_media":7002,"comment_status":"closed","ping_status":"closed","sticky":false,"template":"","format":"standard","meta":{"_acf_changed":false,"_lmt_disableupdate":"","_lmt_disable":"","_monsterinsights_skip_tracking":false,"_monsterinsights_sitenote_active":false,"_monsterinsights_sitenote_note":"","_monsterinsights_sitenote_category":0,"ngg_post_thumbnail":0,"footnotes":""},"categories":[3],"tags":[],"class_list":["post-7005","post","type-post","status-publish","format-standard","has-post-thumbnail","hentry","category-aktualnosci"],"acf":[],"modified_by":"wisnia","_links":{"self":[{"href":"https:\/\/muzeum.ostroleka.pl\/index.php?rest_route=\/wp\/v2\/posts\/7005","targetHints":{"allow":["GET"]}}],"collection":[{"href":"https:\/\/muzeum.ostroleka.pl\/index.php?rest_route=\/wp\/v2\/posts"}],"about":[{"href":"https:\/\/muzeum.ostroleka.pl\/index.php?rest_route=\/wp\/v2\/types\/post"}],"author":[{"embeddable":true,"href":"https:\/\/muzeum.ostroleka.pl\/index.php?rest_route=\/wp\/v2\/users\/3"}],"replies":[{"embeddable":true,"href":"https:\/\/muzeum.ostroleka.pl\/index.php?rest_route=%2Fwp%2Fv2%2Fcomments&post=7005"}],"version-history":[{"count":5,"href":"https:\/\/muzeum.ostroleka.pl\/index.php?rest_route=\/wp\/v2\/posts\/7005\/revisions"}],"predecessor-version":[{"id":7011,"href":"https:\/\/muzeum.ostroleka.pl\/index.php?rest_route=\/wp\/v2\/posts\/7005\/revisions\/7011"}],"wp:featuredmedia":[{"embeddable":true,"href":"https:\/\/muzeum.ostroleka.pl\/index.php?rest_route=\/wp\/v2\/media\/7002"}],"wp:attachment":[{"href":"https:\/\/muzeum.ostroleka.pl\/index.php?rest_route=%2Fwp%2Fv2%2Fmedia&parent=7005"}],"wp:term":[{"taxonomy":"category","embeddable":true,"href":"https:\/\/muzeum.ostroleka.pl\/index.php?rest_route=%2Fwp%2Fv2%2Fcategories&post=7005"},{"taxonomy":"post_tag","embeddable":true,"href":"https:\/\/muzeum.ostroleka.pl\/index.php?rest_route=%2Fwp%2Fv2%2Ftags&post=7005"}],"curies":[{"name":"wp","href":"https:\/\/api.w.org\/{rel}","templated":true}]}}