{"id":7014,"date":"2021-05-18T13:58:09","date_gmt":"2021-05-18T12:58:09","guid":{"rendered":"https:\/\/muzeum.ostroleka.pl\/?p=7014"},"modified":"2021-05-18T14:04:42","modified_gmt":"2021-05-18T13:04:42","slug":"henryk-niedzialkowski-uczestnik-bitwy-pod-monte-cassino","status":"publish","type":"post","link":"https:\/\/muzeum.ostroleka.pl\/?p=7014","title":{"rendered":"Henryk Niedzia\u0142kowski \u2013 uczestnik bitwy pod Monte Cassino"},"content":{"rendered":"<p>18 maja przywo\u0142ujemy ostro\u0142\u0119czanina Henryka Niedzia\u0142kowskiego, uczestnika bitwy pod Monte Cassino, stoczonej w 1944 roku przez wojska alianckie z Niemcami, jednej z najbardziej zaci\u0119tych i decyduj\u0105cych bitew drugiej wojny \u015bwiatowej. 77 lat temu razem z \u017co\u0142nierzami 2 Korpusu Polskiego zdobywa\u0142 ruiny w\u0142oskiego opactwa benedyktyn\u00f3w. Henryk Niedzia\u0142kowski urodzi\u0142 si\u0119 21 listopada 1898 roku w Ostro\u0142\u0119ce. By\u0142 synem Henryka Wac\u0142awa i Stefanii Anieli ze \u017bbikowskich, bratem Marii i Zofii \u2013 monografistki miasta. Bra\u0142 udzia\u0142 w wojnie polsko-bolszewickiej. Uko\u0144czy\u0142 Szko\u0142\u0119 Podchor\u0105\u017cych Piechoty w Warszawie i Szko\u0142\u0119 Podchor\u0105\u017cych Wojsk \u0141\u0105czno\u015bci w Zegrzu. W 1931 roku o\u017ceni\u0142 si\u0119 z Halin\u0105 S\u0105dzy\u0144sk\u0105. W 1932 roku zosta\u0142 kapitanem. W okresie mi\u0119dzywojennym pracowa\u0142 w Zegrzu, Skierniewicach i w Warszawie. Po wybuchu wojny ewakuowany zosta\u0142 wraz z dow\u00f3dztwem lotnictwa do Lwowa, gdzie bra\u0142 udzia\u0142 w walkach z Niemcami. Po kapitulacji Lwowa uda\u0142o mu si\u0119 przedosta\u0107 do Francji, gdzie przydzielony zosta\u0142 do Samodzielnej Brygady Strzelc\u00f3w Podhala\u0144skich jako dow\u00f3dca \u0142\u0105czno\u015bci w Brygadzie Karpackiej formuj\u0105cej si\u0119 w Syrii. Tam brygada przesz\u0142a pod dow\u00f3dztwo brytyjskie. Henryk Niedzia\u0142kowski bra\u0142 udzia\u0142 w walkach o Tobruk, Monte Cassino, Piedimonte San Germano, Ankon\u0119 i Boloni\u0119. Po bitwie pod Tobrukiem otrzyma\u0142 stopie\u0144 majora, a po Monte Cassino zosta\u0142 awansowany do stopnia pu\u0142kownika i odznaczony Srebrnym Krzy\u017cem Virtuti Militari V klasy. Po demobilizacji zamieszka\u0142 w Wielkiej Brytanii. Zmar\u0142 31 pa\u017adziernika 1990 roku. Zosta\u0142 pochowany z honorami wojskowymi 22 listopada 1990 roku na Cmentarzu Pow\u0105zkowskim w Warszawie. W zbiorach Muzeum Kultury Kurpiowskiej w Ostro\u0142\u0119ce znajduj\u0105 si\u0119 pami\u0105tki po Henryku Niedzia\u0142kowskim, w tym kurtka mundurowa z baretkami wielu odznacze\u0144.<\/p>\n<p>&nbsp;<\/p>\n<p>Na fotografiach:<\/p>\n<ol>\n<li>Dekoracja Henryka Niedzia\u0142kowskiego Krzy\u017cem Virtuti Militari przez Naczelnego Wodza Polskich Si\u0142 Zbrojnych Kazimierza Sosnkowskiego, autor nieznany, lipiec 1944 r., nr inw. MOO\/HA\/406.<\/li>\n<li>Henryk Niedzia\u0142kowski, autor nieznany, 1942 r., nr inw. MOO\/HA\/405.<\/li>\n<\/ol>\nngg_shortcode_0_placeholder\n","protected":false},"excerpt":{"rendered":"<p>18 maja przywo\u0142ujemy ostro\u0142\u0119czanina Henryka Niedzia\u0142kowskiego, uczestnika bitwy pod Monte Cassino, stoczonej w 1944 roku przez wojska alianckie z Niemcami, jednej z najbardziej zaci\u0119tych i decyduj\u0105cych bitew drugiej wojny \u015bwiatowej. 77 lat temu razem z \u017co\u0142nierzami 2 Korpusu Polskiego zdobywa\u0142 ruiny w\u0142oskiego opactwa benedyktyn\u00f3w. Henryk Niedzia\u0142kowski urodzi\u0142 si\u0119 21 listopada 1898 roku w Ostro\u0142\u0119ce. By\u0142 [&hellip;]<\/p>\n","protected":false},"author":3,"featured_media":7018,"comment_status":"closed","ping_status":"closed","sticky":false,"template":"","format":"standard","meta":{"_acf_changed":false,"_lmt_disableupdate":"","_lmt_disable":"","_monsterinsights_skip_tracking":false,"_monsterinsights_sitenote_active":false,"_monsterinsights_sitenote_note":"","_monsterinsights_sitenote_category":0,"ngg_post_thumbnail":0,"footnotes":""},"categories":[3,55],"tags":[],"class_list":["post-7014","post","type-post","status-publish","format-standard","has-post-thumbnail","hentry","category-aktualnosci","category-wirtualne-muzeum"],"acf":[],"modified_by":"Daniel Go\u0142a\u015b","_links":{"self":[{"href":"https:\/\/muzeum.ostroleka.pl\/index.php?rest_route=\/wp\/v2\/posts\/7014","targetHints":{"allow":["GET"]}}],"collection":[{"href":"https:\/\/muzeum.ostroleka.pl\/index.php?rest_route=\/wp\/v2\/posts"}],"about":[{"href":"https:\/\/muzeum.ostroleka.pl\/index.php?rest_route=\/wp\/v2\/types\/post"}],"author":[{"embeddable":true,"href":"https:\/\/muzeum.ostroleka.pl\/index.php?rest_route=\/wp\/v2\/users\/3"}],"replies":[{"embeddable":true,"href":"https:\/\/muzeum.ostroleka.pl\/index.php?rest_route=%2Fwp%2Fv2%2Fcomments&post=7014"}],"version-history":[{"count":2,"href":"https:\/\/muzeum.ostroleka.pl\/index.php?rest_route=\/wp\/v2\/posts\/7014\/revisions"}],"predecessor-version":[{"id":7020,"href":"https:\/\/muzeum.ostroleka.pl\/index.php?rest_route=\/wp\/v2\/posts\/7014\/revisions\/7020"}],"wp:featuredmedia":[{"embeddable":true,"href":"https:\/\/muzeum.ostroleka.pl\/index.php?rest_route=\/wp\/v2\/media\/7018"}],"wp:attachment":[{"href":"https:\/\/muzeum.ostroleka.pl\/index.php?rest_route=%2Fwp%2Fv2%2Fmedia&parent=7014"}],"wp:term":[{"taxonomy":"category","embeddable":true,"href":"https:\/\/muzeum.ostroleka.pl\/index.php?rest_route=%2Fwp%2Fv2%2Fcategories&post=7014"},{"taxonomy":"post_tag","embeddable":true,"href":"https:\/\/muzeum.ostroleka.pl\/index.php?rest_route=%2Fwp%2Fv2%2Ftags&post=7014"}],"curies":[{"name":"wp","href":"https:\/\/api.w.org\/{rel}","templated":true}]}}