{"id":7023,"date":"2021-05-19T13:49:49","date_gmt":"2021-05-19T12:49:49","guid":{"rendered":"https:\/\/muzeum.ostroleka.pl\/?p=7023"},"modified":"2021-05-19T14:03:56","modified_gmt":"2021-05-19T13:03:56","slug":"zapraszamy-na-nowa-wystawe-czasowa-2","status":"publish","type":"post","link":"https:\/\/muzeum.ostroleka.pl\/?p=7023","title":{"rendered":"Zapraszamy na wystaw\u0119 po\u015bwi\u0119con\u0105 5 Pu\u0142kowi U\u0142an\u00f3w Zas\u0142awskich"},"content":{"rendered":"<p style=\"text-align: justify;\">Szanowni Pa\u0144stwo,<\/p>\n<p style=\"text-align: justify;\">mamy przyjemno\u015b\u0107 zaprosi\u0107 Pa\u0144stwa na wystaw\u0119 \u201ePrzybyli u\u0142ani do Ostro\u0142\u0119ki\u201d zorganizowan\u0105 z okazji 100. rocznicy przybycia 5 Pu\u0142ku U\u0142an\u00f3w Zas\u0142awskich do Ostro\u0142\u0119ki i 190. rocznicy bitwy pod Ostro\u0142\u0119k\u0105 26 maja 1831 roku.<\/p>\n<p style=\"text-align: justify;\">Wsp\u00f3\u0142organizatorami obchod\u00f3w s\u0105 Fundacja Splot Pami\u0119ci oraz Stowarzyszenie Krajowe Ko\u0142o Weteran\u00f3w, Ich Rodzin i Przyjaci\u00f3\u0142 5 Pu\u0142ku U\u0142an\u00f3w Zas\u0142awskich.<\/p>\n<p style=\"text-align: justify;\">Wystawa b\u0119dzie prezentowana w Muzeum Kultury Kurpiowskiej w Ostro\u0142\u0119ce przy placu gen. J\u00f3zefa Bema 8, od 26 maja do 19 wrze\u015bnia 2021 roku.<\/p>\n","protected":false},"excerpt":{"rendered":"<p>Szanowni Pa\u0144stwo, mamy przyjemno\u015b\u0107 zaprosi\u0107 Pa\u0144stwa na wystaw\u0119 \u201ePrzybyli u\u0142ani do Ostro\u0142\u0119ki\u201d zorganizowan\u0105 z okazji 100. rocznicy przybycia 5 Pu\u0142ku U\u0142an\u00f3w Zas\u0142awskich do Ostro\u0142\u0119ki i 190. rocznicy bitwy pod Ostro\u0142\u0119k\u0105 26 maja 1831 roku. Wsp\u00f3\u0142organizatorami obchod\u00f3w s\u0105 Fundacja Splot Pami\u0119ci oraz Stowarzyszenie Krajowe Ko\u0142o Weteran\u00f3w, Ich Rodzin i Przyjaci\u00f3\u0142 5 Pu\u0142ku U\u0142an\u00f3w Zas\u0142awskich. Wystawa b\u0119dzie [&hellip;]<\/p>\n","protected":false},"author":3,"featured_media":7024,"comment_status":"closed","ping_status":"closed","sticky":false,"template":"","format":"standard","meta":{"_acf_changed":false,"_lmt_disableupdate":"","_lmt_disable":"","_monsterinsights_skip_tracking":false,"_monsterinsights_sitenote_active":false,"_monsterinsights_sitenote_note":"","_monsterinsights_sitenote_category":0,"ngg_post_thumbnail":0,"footnotes":""},"categories":[3],"tags":[],"class_list":["post-7023","post","type-post","status-publish","format-standard","has-post-thumbnail","hentry","category-aktualnosci"],"acf":[],"modified_by":"Daniel Go\u0142a\u015b","_links":{"self":[{"href":"https:\/\/muzeum.ostroleka.pl\/index.php?rest_route=\/wp\/v2\/posts\/7023","targetHints":{"allow":["GET"]}}],"collection":[{"href":"https:\/\/muzeum.ostroleka.pl\/index.php?rest_route=\/wp\/v2\/posts"}],"about":[{"href":"https:\/\/muzeum.ostroleka.pl\/index.php?rest_route=\/wp\/v2\/types\/post"}],"author":[{"embeddable":true,"href":"https:\/\/muzeum.ostroleka.pl\/index.php?rest_route=\/wp\/v2\/users\/3"}],"replies":[{"embeddable":true,"href":"https:\/\/muzeum.ostroleka.pl\/index.php?rest_route=%2Fwp%2Fv2%2Fcomments&post=7023"}],"version-history":[{"count":8,"href":"https:\/\/muzeum.ostroleka.pl\/index.php?rest_route=\/wp\/v2\/posts\/7023\/revisions"}],"predecessor-version":[{"id":7032,"href":"https:\/\/muzeum.ostroleka.pl\/index.php?rest_route=\/wp\/v2\/posts\/7023\/revisions\/7032"}],"wp:featuredmedia":[{"embeddable":true,"href":"https:\/\/muzeum.ostroleka.pl\/index.php?rest_route=\/wp\/v2\/media\/7024"}],"wp:attachment":[{"href":"https:\/\/muzeum.ostroleka.pl\/index.php?rest_route=%2Fwp%2Fv2%2Fmedia&parent=7023"}],"wp:term":[{"taxonomy":"category","embeddable":true,"href":"https:\/\/muzeum.ostroleka.pl\/index.php?rest_route=%2Fwp%2Fv2%2Fcategories&post=7023"},{"taxonomy":"post_tag","embeddable":true,"href":"https:\/\/muzeum.ostroleka.pl\/index.php?rest_route=%2Fwp%2Fv2%2Ftags&post=7023"}],"curies":[{"name":"wp","href":"https:\/\/api.w.org\/{rel}","templated":true}]}}