{"id":7106,"date":"2021-05-26T14:09:27","date_gmt":"2021-05-26T13:09:27","guid":{"rendered":"https:\/\/muzeum.ostroleka.pl\/?p=7106"},"modified":"2021-05-26T14:09:27","modified_gmt":"2021-05-26T13:09:27","slug":"wyklad-na-ostroleckim-uniwersytecie-trzeciego-wieku","status":"publish","type":"post","link":"https:\/\/muzeum.ostroleka.pl\/?p=7106","title":{"rendered":"Wyk\u0142ad na Ostro\u0142\u0119ckim Uniwersytecie Trzeciego Wieku"},"content":{"rendered":"<p>Nasz pracownik goszcz\u0105c na Ostro\u0142\u0119ckim Uniwersytecie Trzeciego Wieku, opowiedzia\u0142 o bitwie pod Ostro\u0142\u0119k\u0105 stoczonej 26 maja 1831 roku i jej konsekwencjach dla powstania listopadowego.<\/p>\n<p>&nbsp;<\/p>\n<p><iframe loading=\"lazy\" style=\"border: none; overflow: hidden;\" src=\"https:\/\/www.facebook.com\/plugins\/video.php?height=314&amp;href=https%3A%2F%2Fwww.facebook.com%2Fostroleckiuniwersytettrzeciegowieku%2Fvideos%2F383050376381550%2F&amp;show_text=false&amp;width=560\" width=\"560\" height=\"314\" frameborder=\"0\" scrolling=\"no\" allowfullscreen=\"allowfullscreen\"><\/iframe><\/p>\n","protected":false},"excerpt":{"rendered":"<p>Nasz pracownik goszcz\u0105c na Ostro\u0142\u0119ckim Uniwersytecie Trzeciego Wieku, opowiedzia\u0142 o bitwie pod Ostro\u0142\u0119k\u0105 stoczonej 26 maja 1831 roku i jej konsekwencjach dla powstania listopadowego. &nbsp;<\/p>\n","protected":false},"author":3,"featured_media":0,"comment_status":"closed","ping_status":"closed","sticky":false,"template":"","format":"standard","meta":{"_acf_changed":false,"_lmt_disableupdate":"","_lmt_disable":"","_monsterinsights_skip_tracking":false,"_monsterinsights_sitenote_active":false,"_monsterinsights_sitenote_note":"","_monsterinsights_sitenote_category":0,"ngg_post_thumbnail":0,"footnotes":""},"categories":[3],"tags":[],"class_list":["post-7106","post","type-post","status-publish","format-standard","hentry","category-aktualnosci"],"acf":[],"modified_by":"Daniel Go\u0142a\u015b","_links":{"self":[{"href":"https:\/\/muzeum.ostroleka.pl\/index.php?rest_route=\/wp\/v2\/posts\/7106","targetHints":{"allow":["GET"]}}],"collection":[{"href":"https:\/\/muzeum.ostroleka.pl\/index.php?rest_route=\/wp\/v2\/posts"}],"about":[{"href":"https:\/\/muzeum.ostroleka.pl\/index.php?rest_route=\/wp\/v2\/types\/post"}],"author":[{"embeddable":true,"href":"https:\/\/muzeum.ostroleka.pl\/index.php?rest_route=\/wp\/v2\/users\/3"}],"replies":[{"embeddable":true,"href":"https:\/\/muzeum.ostroleka.pl\/index.php?rest_route=%2Fwp%2Fv2%2Fcomments&post=7106"}],"version-history":[{"count":1,"href":"https:\/\/muzeum.ostroleka.pl\/index.php?rest_route=\/wp\/v2\/posts\/7106\/revisions"}],"predecessor-version":[{"id":7107,"href":"https:\/\/muzeum.ostroleka.pl\/index.php?rest_route=\/wp\/v2\/posts\/7106\/revisions\/7107"}],"wp:attachment":[{"href":"https:\/\/muzeum.ostroleka.pl\/index.php?rest_route=%2Fwp%2Fv2%2Fmedia&parent=7106"}],"wp:term":[{"taxonomy":"category","embeddable":true,"href":"https:\/\/muzeum.ostroleka.pl\/index.php?rest_route=%2Fwp%2Fv2%2Fcategories&post=7106"},{"taxonomy":"post_tag","embeddable":true,"href":"https:\/\/muzeum.ostroleka.pl\/index.php?rest_route=%2Fwp%2Fv2%2Ftags&post=7106"}],"curies":[{"name":"wp","href":"https:\/\/api.w.org\/{rel}","templated":true}]}}