{"id":7246,"date":"2021-06-04T12:22:00","date_gmt":"2021-06-04T11:22:00","guid":{"rendered":"https:\/\/muzeum.ostroleka.pl\/?p=7246"},"modified":"2021-06-04T15:23:25","modified_gmt":"2021-06-04T14:23:25","slug":"kampania-informacyjna-centrum-wspolpracy-i-dialogu-uniwersytetu-warszawskiego","status":"publish","type":"post","link":"https:\/\/muzeum.ostroleka.pl\/?p=7246","title":{"rendered":"Kampania informacyjna Centrum Wsp\u00f3\u0142pracy i Dialogu Uniwersytetu Warszawskiego"},"content":{"rendered":"<p style=\"text-align: justify;\">Susza stanowi jeden z najpowa\u017cniejszych problem\u00f3w dzisiejszego \u015bwiata. Niestety zjawisko to dotyczy r\u00f3wnie\u017c naszego kraju i staje si\u0119 coraz intensywniejsze. Centrum Wsp\u00f3\u0142pracy i Dialogu Uniwersytetu Warszawskiego prowadzi kampani\u0119 informacyjn\u0105 #UWa\u017cniNaSusz\u0119. W ramach przedsi\u0119wzi\u0119cia przekazuje rzeteln\u0105 wiedz\u0119 o tym, czym jest susza, jak wp\u0142ywa na zmiany klimatyczne, jakie s\u0105 przyczyny powstawania suszy i jak mo\u017cemy przeciwdzia\u0142a\u0107 temu zjawisku w \u017cyciu codziennym.<\/p>\n<p>Wi\u0119cej informacji mo\u017cna znale\u017a\u0107 na stronie internetowej <a href=\"https:\/\/cwid.uw.edu.pl\/susza\/\">https:\/\/cwid.uw.edu.pl\/susza\/<\/a><br \/>\noraz na Facebooku \u2013 <a href=\"https:\/\/www.facebook.com\/UWazniNaSusze2021\/\">https:\/\/www.facebook.com\/UWazniNaSusze2021\/<\/a>.<\/p>\n","protected":false},"excerpt":{"rendered":"<p>Susza stanowi jeden z najpowa\u017cniejszych problem\u00f3w dzisiejszego \u015bwiata. Niestety zjawisko to dotyczy r\u00f3wnie\u017c naszego kraju i staje si\u0119 coraz intensywniejsze. Centrum Wsp\u00f3\u0142pracy i Dialogu Uniwersytetu Warszawskiego prowadzi kampani\u0119 informacyjn\u0105 #UWa\u017cniNaSusz\u0119. W ramach przedsi\u0119wzi\u0119cia przekazuje rzeteln\u0105 wiedz\u0119 o tym, czym jest susza, jak wp\u0142ywa na zmiany klimatyczne, jakie s\u0105 przyczyny powstawania suszy i jak mo\u017cemy przeciwdzia\u0142a\u0107 [&hellip;]<\/p>\n","protected":false},"author":3,"featured_media":7247,"comment_status":"closed","ping_status":"closed","sticky":false,"template":"","format":"standard","meta":{"_acf_changed":false,"_lmt_disableupdate":"","_lmt_disable":"","_monsterinsights_skip_tracking":false,"_monsterinsights_sitenote_active":false,"_monsterinsights_sitenote_note":"","_monsterinsights_sitenote_category":0,"ngg_post_thumbnail":0,"footnotes":""},"categories":[3],"tags":[],"class_list":["post-7246","post","type-post","status-publish","format-standard","has-post-thumbnail","hentry","category-aktualnosci"],"acf":[],"modified_by":"Daniel Go\u0142a\u015b","_links":{"self":[{"href":"https:\/\/muzeum.ostroleka.pl\/index.php?rest_route=\/wp\/v2\/posts\/7246","targetHints":{"allow":["GET"]}}],"collection":[{"href":"https:\/\/muzeum.ostroleka.pl\/index.php?rest_route=\/wp\/v2\/posts"}],"about":[{"href":"https:\/\/muzeum.ostroleka.pl\/index.php?rest_route=\/wp\/v2\/types\/post"}],"author":[{"embeddable":true,"href":"https:\/\/muzeum.ostroleka.pl\/index.php?rest_route=\/wp\/v2\/users\/3"}],"replies":[{"embeddable":true,"href":"https:\/\/muzeum.ostroleka.pl\/index.php?rest_route=%2Fwp%2Fv2%2Fcomments&post=7246"}],"version-history":[{"count":5,"href":"https:\/\/muzeum.ostroleka.pl\/index.php?rest_route=\/wp\/v2\/posts\/7246\/revisions"}],"predecessor-version":[{"id":7253,"href":"https:\/\/muzeum.ostroleka.pl\/index.php?rest_route=\/wp\/v2\/posts\/7246\/revisions\/7253"}],"wp:featuredmedia":[{"embeddable":true,"href":"https:\/\/muzeum.ostroleka.pl\/index.php?rest_route=\/wp\/v2\/media\/7247"}],"wp:attachment":[{"href":"https:\/\/muzeum.ostroleka.pl\/index.php?rest_route=%2Fwp%2Fv2%2Fmedia&parent=7246"}],"wp:term":[{"taxonomy":"category","embeddable":true,"href":"https:\/\/muzeum.ostroleka.pl\/index.php?rest_route=%2Fwp%2Fv2%2Fcategories&post=7246"},{"taxonomy":"post_tag","embeddable":true,"href":"https:\/\/muzeum.ostroleka.pl\/index.php?rest_route=%2Fwp%2Fv2%2Ftags&post=7246"}],"curies":[{"name":"wp","href":"https:\/\/api.w.org\/{rel}","templated":true}]}}