{"id":7255,"date":"2021-06-08T12:05:41","date_gmt":"2021-06-08T11:05:41","guid":{"rendered":"https:\/\/muzeum.ostroleka.pl\/?p=7255"},"modified":"2021-06-09T07:13:37","modified_gmt":"2021-06-09T06:13:37","slug":"spiewaj-razem-z-nami-w-czerwcu","status":"publish","type":"post","link":"https:\/\/muzeum.ostroleka.pl\/?p=7255","title":{"rendered":"\u201e\u015apiewaj razem z nami\u201d w czerwcu"},"content":{"rendered":"<p>Najbli\u017csze spotkanie ch\u00f3ru \u201eO! La! La!\u201d odb\u0119dzie si\u0119 15 czerwca 2021 r. (wtorek) o godz. 14.00.<br \/>\nImprez\u0119 tradycyjnie poprowadzi Robert Lipka.<\/p>\n<p>Miejsce: budynek Muzeum Kultury Kurpiowskiej w Ostro\u0142\u0119ce przy placu gen. J. Bema 8.<br \/>\nTermin: 15 czerwca 2021 r. (wtorek), godz. 14.00.<br \/>\nCzas trwania: 2,5 godz.<br \/>\nCz\u0119stotliwo\u015b\u0107 spotka\u0144: raz w miesi\u0105cu.<br \/>\nCena: 5 z\u0142 od osoby.<br \/>\nInformacje: Dzia\u0142 Edukacji i Promocji MKK, tel. 29 7645443 wew. 43, e-mail: edukacja@muzeum.ostroleka.pl<\/p>\n","protected":false},"excerpt":{"rendered":"<p>Najbli\u017csze spotkanie ch\u00f3ru \u201eO! La! La!\u201d odb\u0119dzie si\u0119 15 czerwca 2021 r. (wtorek) o godz. 14.00. Imprez\u0119 tradycyjnie poprowadzi Robert Lipka. Miejsce: budynek Muzeum Kultury Kurpiowskiej w Ostro\u0142\u0119ce przy placu gen. J. Bema 8. Termin: 15 czerwca 2021 r. (wtorek), godz. 14.00. Czas trwania: 2,5 godz. Cz\u0119stotliwo\u015b\u0107 spotka\u0144: raz w miesi\u0105cu. Cena: 5 z\u0142 od [&hellip;]<\/p>\n","protected":false},"author":3,"featured_media":0,"comment_status":"closed","ping_status":"closed","sticky":false,"template":"","format":"standard","meta":{"_acf_changed":false,"_lmt_disableupdate":"","_lmt_disable":"","_monsterinsights_skip_tracking":false,"_monsterinsights_sitenote_active":false,"_monsterinsights_sitenote_note":"","_monsterinsights_sitenote_category":0,"ngg_post_thumbnail":0,"footnotes":""},"categories":[3],"tags":[],"class_list":["post-7255","post","type-post","status-publish","format-standard","hentry","category-aktualnosci"],"acf":[],"modified_by":"Daniel Go\u0142a\u015b","_links":{"self":[{"href":"https:\/\/muzeum.ostroleka.pl\/index.php?rest_route=\/wp\/v2\/posts\/7255","targetHints":{"allow":["GET"]}}],"collection":[{"href":"https:\/\/muzeum.ostroleka.pl\/index.php?rest_route=\/wp\/v2\/posts"}],"about":[{"href":"https:\/\/muzeum.ostroleka.pl\/index.php?rest_route=\/wp\/v2\/types\/post"}],"author":[{"embeddable":true,"href":"https:\/\/muzeum.ostroleka.pl\/index.php?rest_route=\/wp\/v2\/users\/3"}],"replies":[{"embeddable":true,"href":"https:\/\/muzeum.ostroleka.pl\/index.php?rest_route=%2Fwp%2Fv2%2Fcomments&post=7255"}],"version-history":[{"count":8,"href":"https:\/\/muzeum.ostroleka.pl\/index.php?rest_route=\/wp\/v2\/posts\/7255\/revisions"}],"predecessor-version":[{"id":7267,"href":"https:\/\/muzeum.ostroleka.pl\/index.php?rest_route=\/wp\/v2\/posts\/7255\/revisions\/7267"}],"wp:attachment":[{"href":"https:\/\/muzeum.ostroleka.pl\/index.php?rest_route=%2Fwp%2Fv2%2Fmedia&parent=7255"}],"wp:term":[{"taxonomy":"category","embeddable":true,"href":"https:\/\/muzeum.ostroleka.pl\/index.php?rest_route=%2Fwp%2Fv2%2Fcategories&post=7255"},{"taxonomy":"post_tag","embeddable":true,"href":"https:\/\/muzeum.ostroleka.pl\/index.php?rest_route=%2Fwp%2Fv2%2Ftags&post=7255"}],"curies":[{"name":"wp","href":"https:\/\/api.w.org\/{rel}","templated":true}]}}