{"id":7282,"date":"2021-06-11T12:27:37","date_gmt":"2021-06-11T11:27:37","guid":{"rendered":"https:\/\/muzeum.ostroleka.pl\/?p=7282"},"modified":"2021-06-11T12:40:31","modified_gmt":"2021-06-11T11:40:31","slug":"ostroleka-w-okresie-wyprawy-na-gwardie-carskie-12-26-maja-1831-roku-referat-w-ramach-vi-miedzynarodowej-konferencji-naukowej-oblicza-wojny","status":"publish","type":"post","link":"https:\/\/muzeum.ostroleka.pl\/?p=7282","title":{"rendered":"Referat w ramach VI Mi\u0119dzynarodowej Konferencji Naukowej \u201eOblicza wojny\u201d."},"content":{"rendered":"<p style=\"text-align: justify;\">W dniach 10\u201311 czerwca 2021 r. odby\u0142a si\u0119 VI Mi\u0119dzynarodowa Konferencja Naukowa \u201eOblicza wojny\u201d zorganizowana przez Wydzia\u0142 Filozoficzno-Historyczny Uniwersytetu \u0141\u00f3dzkiego, Instytut Historii Uniwersytetu \u0141\u00f3dzkiego, Katedr\u0119 Historii \u015aredniowiecznej, Katedr\u0119 Historii Polski XIX w., Katedr\u0119 Historii Polski i \u015awiata po 1945 r., Polskie Towarzystwo Historyczne oddz. \u0141\u00f3d\u017a oraz Wydawnictwo Uniwersytetu \u0141\u00f3dzkiego (wydawca). Temat przewodni VI edycji brzmia\u0142 \u201ePrzed bitw\u0105\u201d. Drugiego dnia konferencji pracownik Muzeum Kultury Kurpiowskiej w Ostro\u0142\u0119ce Krzysztof Augustyniak wyg\u0142osi\u0142 referat pt. \u201eOstro\u0142\u0119ka w okresie wyprawy na gwardie carskie (12\u201326 maja 1831 roku)\u201d. Wydarzenie odby\u0142o si\u0119 w formie online.<\/p>\n<p style=\"text-align: left;\">Wi\u0119cej informacji mo\u017cna znale\u017a\u0107 na stronie: <a href=\"https:\/\/obliczawojny.uni.lodz.pl\/\">https:\/\/obliczawojny.uni.lodz.pl\/<\/a><\/p>\n","protected":false},"excerpt":{"rendered":"<p>W dniach 10\u201311 czerwca 2021 r. odby\u0142a si\u0119 VI Mi\u0119dzynarodowa Konferencja Naukowa \u201eOblicza wojny\u201d zorganizowana przez Wydzia\u0142 Filozoficzno-Historyczny Uniwersytetu \u0141\u00f3dzkiego, Instytut Historii Uniwersytetu \u0141\u00f3dzkiego, Katedr\u0119 Historii \u015aredniowiecznej, Katedr\u0119 Historii Polski XIX w., Katedr\u0119 Historii Polski i \u015awiata po 1945 r., Polskie Towarzystwo Historyczne oddz. \u0141\u00f3d\u017a oraz Wydawnictwo Uniwersytetu \u0141\u00f3dzkiego (wydawca). Temat przewodni VI edycji brzmia\u0142 [&hellip;]<\/p>\n","protected":false},"author":3,"featured_media":7283,"comment_status":"closed","ping_status":"closed","sticky":false,"template":"","format":"standard","meta":{"_acf_changed":false,"_lmt_disableupdate":"","_lmt_disable":"","_monsterinsights_skip_tracking":false,"_monsterinsights_sitenote_active":false,"_monsterinsights_sitenote_note":"","_monsterinsights_sitenote_category":0,"ngg_post_thumbnail":0,"footnotes":""},"categories":[3],"tags":[],"class_list":["post-7282","post","type-post","status-publish","format-standard","has-post-thumbnail","hentry","category-aktualnosci"],"acf":[],"modified_by":"Daniel Go\u0142a\u015b","_links":{"self":[{"href":"https:\/\/muzeum.ostroleka.pl\/index.php?rest_route=\/wp\/v2\/posts\/7282","targetHints":{"allow":["GET"]}}],"collection":[{"href":"https:\/\/muzeum.ostroleka.pl\/index.php?rest_route=\/wp\/v2\/posts"}],"about":[{"href":"https:\/\/muzeum.ostroleka.pl\/index.php?rest_route=\/wp\/v2\/types\/post"}],"author":[{"embeddable":true,"href":"https:\/\/muzeum.ostroleka.pl\/index.php?rest_route=\/wp\/v2\/users\/3"}],"replies":[{"embeddable":true,"href":"https:\/\/muzeum.ostroleka.pl\/index.php?rest_route=%2Fwp%2Fv2%2Fcomments&post=7282"}],"version-history":[{"count":5,"href":"https:\/\/muzeum.ostroleka.pl\/index.php?rest_route=\/wp\/v2\/posts\/7282\/revisions"}],"predecessor-version":[{"id":7288,"href":"https:\/\/muzeum.ostroleka.pl\/index.php?rest_route=\/wp\/v2\/posts\/7282\/revisions\/7288"}],"wp:featuredmedia":[{"embeddable":true,"href":"https:\/\/muzeum.ostroleka.pl\/index.php?rest_route=\/wp\/v2\/media\/7283"}],"wp:attachment":[{"href":"https:\/\/muzeum.ostroleka.pl\/index.php?rest_route=%2Fwp%2Fv2%2Fmedia&parent=7282"}],"wp:term":[{"taxonomy":"category","embeddable":true,"href":"https:\/\/muzeum.ostroleka.pl\/index.php?rest_route=%2Fwp%2Fv2%2Fcategories&post=7282"},{"taxonomy":"post_tag","embeddable":true,"href":"https:\/\/muzeum.ostroleka.pl\/index.php?rest_route=%2Fwp%2Fv2%2Ftags&post=7282"}],"curies":[{"name":"wp","href":"https:\/\/api.w.org\/{rel}","templated":true}]}}