{"id":7302,"date":"2021-06-14T10:31:58","date_gmt":"2021-06-14T09:31:58","guid":{"rendered":"https:\/\/muzeum.ostroleka.pl\/?p=7302"},"modified":"2021-06-14T10:31:58","modified_gmt":"2021-06-14T09:31:58","slug":"xvi-edycja-konkursu-fotograficznego-mazowsze-bliskie-sercu","status":"publish","type":"post","link":"https:\/\/muzeum.ostroleka.pl\/?p=7302","title":{"rendered":"XVI edycja konkursu fotograficznego \u201eMazowsze bliskie sercu\u201d"},"content":{"rendered":"<p style=\"text-align: justify;\">Ju\u017c po raz szesnasty fotografowie-amatorzy stan\u0105 w szranki konkursu fotograficznego \u201eMazowsze bliskie sercu\u201d, organizowanego przez Samorz\u0105d Wojew\u00f3dztwa Mazowieckiego.<br \/>\nOrganizatorzy zapraszaj\u0105 uczestnik\u00f3w konkursu do podr\u00f3\u017cy po naszym regionie, zwiedzania niezwyk\u0142ych miejsc, tajemniczych zak\u0105tk\u00f3w, kt\u00f3re warto uwieczni\u0107 na fotografii.<br \/>\nTematem tegorocznej edycji konkursu jest \u201eOdpocznij na Mazowszu\u201d.<br \/>\nKonkurs b\u0119dzie przeprowadzony w nast\u0119puj\u0105cych kategoriach:<br \/>\n\u2022 Odpocznij na Mazowszu \u2013 Aktywnie;<br \/>\n\u2022 Odpocznij na Mazowszu \u2013 z pasj\u0105;<br \/>\n\u2022 Odpocznij na Mazowszu \u2013 z Kultur\u0105.<\/p>\n<p style=\"text-align: justify;\"><strong>Co zrobi\u0107, aby wygra\u0107 w konkursie?<\/strong><br \/>\nWystarczy zrobi\u0107 zdj\u0119cie nawi\u0105zuj\u0105ce do tegorocznego tematu konkursu \u201eOdpocznij na Mazowszu\u201d w jednej z kategorii konkursowych. B\u0119dzie zwracana uwaga na tre\u015b\u0107 oraz jako\u015b\u0107 nades\u0142anych zdj\u0119\u0107. Prace konkursowe oceni Jury Konkursu.<\/p>\n<p style=\"text-align: justify;\"><strong>Kto mo\u017ce wzi\u0105\u0107 udzia\u0142 w konkursie?<\/strong><br \/>\nWszyscy fotografowie amatorzy.<br \/>\nZ udzia\u0142u w konkursie wy\u0142\u0105cza si\u0119:<br \/>\n&#8211; osoby zajmuj\u0105ce si\u0119 zawodowo fotografi\u0105;<br \/>\n&#8211; absolwent\u00f3w uczelni plastycznych i filmowych z tytu\u0142em magistra b\u0105d\u017a licencjata albo tytu\u0142em r\u00f3wnorz\u0119dnym, potwierdzaj\u0105cym wykszta\u0142cenie wy\u017csze na tym samym poziomie, a tak\u017ce nauczyciele akademiccy takich uczelni;<br \/>\n&#8211; osoby, kt\u00f3re w ci\u0105gu ostatnich dw\u00f3ch lat zdoby\u0142y nagrod\u0119 w konkursie lub bra\u0142y udzia\u0142 w warsztatach organizowanych w ramach konkursu;<br \/>\n&#8211; pracownik\u00f3w Urz\u0119du Marsza\u0142kowskiego Wojew\u00f3dztwa Mazowieckiego w Warszawie.<\/p>\n<p style=\"text-align: justify;\"><strong>Jak wzi\u0105\u0107 udzia\u0142 w konkursie?<\/strong><br \/>\nKa\u017cdy z uczestnik\u00f3w mo\u017ce zg\u0142osi\u0107 do konkursu jedno zdj\u0119cie. E-maile z za\u0142\u0105czonymi plikami (skanem formularza zg\u0142oszeniowego i zdj\u0119ciami) nale\u017cy przesy\u0142a\u0107 do <strong>16 lipca br.<\/strong> na adres: konkurs.fotograficzny@mazovia.pl.<br \/>\nJe\u015bli masz mniej ni\u017c 18 lat \u2013 popro\u015b rodzic\u00f3w o zgod\u0119 i wype\u0142nijcie wsp\u00f3lnie odpowiedni formularz zg\u0142oszeniowy.<\/p>\n<p style=\"text-align: justify;\"><strong>Jakie zdj\u0119cia nale\u017cy przesy\u0142a\u0107 na konkurs?<\/strong><br \/>\nFotografie zg\u0142aszane do konkursu powinny nawi\u0105zywa\u0107 do tematu konkursu i odpowiada\u0107 jednaj z trzech kategorii konkursu!<\/p>\n<p style=\"text-align: justify;\"><strong>Z ilu etap\u00f3w sk\u0142ada si\u0119 konkurs?<\/strong><br \/>\nTegoroczna edycja konkursu przeprowadzona b\u0119dzie jednoetapowo. Spo\u015br\u00f3d prac wykonanych i nades\u0142anych przez uczestnik\u00f3w, Jury oceni i wybierze do 12 zwyci\u0119skich fotografii. Dodatkowo zwyci\u0119skie fotografie wezm\u0105 udzia\u0142 w g\u0142osowaniu internaut\u00f3w, w trakcie kt\u00f3rego internauci wybior\u0105 laureata konkursu publiczno\u015bci.<\/p>\n<p style=\"text-align: justify;\"><strong>Jakie nagrody mo\u017cna wygra\u0107?<\/strong><br \/>\nLaureaci konkursu otrzymaj\u0105 nast\u0119puj\u0105ce nagrody:<br \/>\nI nagroda &#8211; w wysoko\u015bci 2 000,00 z\u0142 &#8211; dla ka\u017cdej z kategorii konkursowych;<br \/>\nII nagroda &#8211; w wysoko\u015bci 1 500,00 z\u0142 &#8211; dla ka\u017cdej z kategorii konkursowych;<br \/>\nIII nagroda &#8211; w wysoko\u015bci 1 000,00 z\u0142 &#8211; dla ka\u017cdej z kategorii konkursowych;<br \/>\nDo trzech wyr\u00f3\u017cnie\u0144 &#8211; po 800 z\u0142 ka\u017cde;<br \/>\nNagroda publiczno\u015bci \u2013 internaut\u00f3w &#8211; w wysoko\u015bci 1 000,00 z\u0142.<br \/>\nDodatkowo dla laureat\u00f3w konkursu Samorz\u0105d Wojew\u00f3dztwa Mazowieckiego wsp\u00f3lnie z Akademi\u0105 Sztuk Pi\u0119knych w Warszawie zorganizuje weekendowe warsztaty fotograficzne. Warsztaty odb\u0119d\u0105 si\u0119 we wrze\u015bniu lub pa\u017adzierniku br. Forma organizacji warsztat\u00f3w (wyjazdowe lub on-line) b\u0119dzie uzale\u017cniona od sytuacji i obostrze\u0144 zwi\u0105zanych z pandemi\u0105 Covid-19 w kraju.<\/p>\n<p style=\"text-align: justify;\"><strong>Co to jest nagroda publiczno\u015bci?<\/strong><br \/>\nZwyci\u0119skie zdj\u0119cia wezm\u0105 udzia\u0142 w g\u0142osowaniu internaut\u00f3w, w trakcie kt\u00f3rego internauci wybior\u0105 zwyci\u0119zc\u0119 konkursu publiczno\u015bci. G\u0142osowanie odb\u0119dzie si\u0119 na stronie www.facebook.com\/Mazowsze.serce.Polski. Uczestnik konkursu, kt\u00f3rego zdj\u0119cie zdob\u0119dzie najwi\u0119cej g\u0142os\u00f3w (like\u2019\u00f3w) otrzyma nagrod\u0119 publiczno\u015bci.<\/p>\n<p style=\"text-align: justify;\"><strong>Gdzie mo\u017cna uzyska\u0107 dodatkowe informacje?<\/strong><br \/>\nFormularze, kt\u00f3re uczestnicy maj\u0105 wype\u0142ni\u0107, zeskanowa\u0107 i przes\u0142a\u0107, b\u0119d\u0105 dost\u0119pne wraz z regulaminem konkursu na stronie: <a href=\"http:\/\/www.mazovia.pl\">http:\/\/www.mazovia.pl<\/a> w zak\u0142adce konkursy-szkolenia\/konkursy-fotograficzne\/.<br \/>\nWszelkie informacje o konkursie mo\u017cna otrzyma\u0107 pod nr tel. (22) 59 79 616 i (22) 59 79 532 (pn.\u2013pt. godz. 9\u201315) lub wysy\u0142aj\u0105c pytania na adres e-mail: konkurs.fotograficzny@mazovia.pl.<\/p>\n<p style=\"text-align: justify;\">W stworzeniu wymarzonej kompozycji fotograficznej pomog\u0105 filmy edukacyjne, kt\u00f3re b\u0119d\u0105 pojawia\u0142y si\u0119 na FB &#8211; MazowszeSercePolski.<\/p>\n<p style=\"text-align: justify;\">Na zg\u0142oszenia organizatorzy czekaj\u0105 do <strong>16 lipca br.<\/strong><\/p>\n<p>Regulamin konkursu \u2013 <a href=\"https:\/\/muzeum.ostroleka.pl\/wp-content\/uploads\/2021\/06\/25.05.2021_r._Regulamin_MBS_2021.docx\">pobierz<\/a><\/p>\n","protected":false},"excerpt":{"rendered":"<p>Ju\u017c po raz szesnasty fotografowie-amatorzy stan\u0105 w szranki konkursu fotograficznego \u201eMazowsze bliskie sercu\u201d, organizowanego przez Samorz\u0105d Wojew\u00f3dztwa Mazowieckiego. Organizatorzy zapraszaj\u0105 uczestnik\u00f3w konkursu do podr\u00f3\u017cy po naszym regionie, zwiedzania niezwyk\u0142ych miejsc, tajemniczych zak\u0105tk\u00f3w, kt\u00f3re warto uwieczni\u0107 na fotografii. Tematem tegorocznej edycji konkursu jest \u201eOdpocznij na Mazowszu\u201d. Konkurs b\u0119dzie przeprowadzony w nast\u0119puj\u0105cych kategoriach: \u2022 Odpocznij na Mazowszu [&hellip;]<\/p>\n","protected":false},"author":3,"featured_media":7294,"comment_status":"closed","ping_status":"closed","sticky":false,"template":"","format":"standard","meta":{"_acf_changed":false,"_lmt_disableupdate":"","_lmt_disable":"","_monsterinsights_skip_tracking":false,"_monsterinsights_sitenote_active":false,"_monsterinsights_sitenote_note":"","_monsterinsights_sitenote_category":0,"ngg_post_thumbnail":0,"footnotes":""},"categories":[3],"tags":[],"class_list":["post-7302","post","type-post","status-publish","format-standard","has-post-thumbnail","hentry","category-aktualnosci"],"acf":[],"modified_by":"Daniel Go\u0142a\u015b","_links":{"self":[{"href":"https:\/\/muzeum.ostroleka.pl\/index.php?rest_route=\/wp\/v2\/posts\/7302","targetHints":{"allow":["GET"]}}],"collection":[{"href":"https:\/\/muzeum.ostroleka.pl\/index.php?rest_route=\/wp\/v2\/posts"}],"about":[{"href":"https:\/\/muzeum.ostroleka.pl\/index.php?rest_route=\/wp\/v2\/types\/post"}],"author":[{"embeddable":true,"href":"https:\/\/muzeum.ostroleka.pl\/index.php?rest_route=\/wp\/v2\/users\/3"}],"replies":[{"embeddable":true,"href":"https:\/\/muzeum.ostroleka.pl\/index.php?rest_route=%2Fwp%2Fv2%2Fcomments&post=7302"}],"version-history":[{"count":1,"href":"https:\/\/muzeum.ostroleka.pl\/index.php?rest_route=\/wp\/v2\/posts\/7302\/revisions"}],"predecessor-version":[{"id":7303,"href":"https:\/\/muzeum.ostroleka.pl\/index.php?rest_route=\/wp\/v2\/posts\/7302\/revisions\/7303"}],"wp:featuredmedia":[{"embeddable":true,"href":"https:\/\/muzeum.ostroleka.pl\/index.php?rest_route=\/wp\/v2\/media\/7294"}],"wp:attachment":[{"href":"https:\/\/muzeum.ostroleka.pl\/index.php?rest_route=%2Fwp%2Fv2%2Fmedia&parent=7302"}],"wp:term":[{"taxonomy":"category","embeddable":true,"href":"https:\/\/muzeum.ostroleka.pl\/index.php?rest_route=%2Fwp%2Fv2%2Fcategories&post=7302"},{"taxonomy":"post_tag","embeddable":true,"href":"https:\/\/muzeum.ostroleka.pl\/index.php?rest_route=%2Fwp%2Fv2%2Ftags&post=7302"}],"curies":[{"name":"wp","href":"https:\/\/api.w.org\/{rel}","templated":true}]}}