{"id":7306,"date":"2021-06-14T14:06:36","date_gmt":"2021-06-14T13:06:36","guid":{"rendered":"https:\/\/muzeum.ostroleka.pl\/?p=7306"},"modified":"2021-06-14T14:06:36","modified_gmt":"2021-06-14T13:06:36","slug":"rusza-kolejna-edycja-tworczych-spotkan-wakacyjnych-z-cyklu-etnodizajn-po-kurpiowsku","status":"publish","type":"post","link":"https:\/\/muzeum.ostroleka.pl\/?p=7306","title":{"rendered":"Rusza kolejna edycja tw\u00f3rczych spotka\u0144 wakacyjnych z cyklu \u201eEtnodizajn po kurpiowsku\u201d!"},"content":{"rendered":"<p>Od niedzieli 4 lipca 2021 r. zapraszamy wszystkich, kt\u00f3rzy lubi\u0105 w\u0142asnor\u0119cznie tworzy\u0107 pi\u0119kne, kolorowe elementy kurpiowskiego folkloru, a przy tym mi\u0142o sp\u0119dza\u0107 czas w towarzystwie rodziny, przyjaci\u00f3\u0142 i znajomych. Zapraszamy rodzic\u00f3w z dzie\u0107mi, m\u0142odzie\u017c, ale nie tylko \u2013 zaj\u0119cia s\u0105 dostosowane do wszystkich grup wiekowych.<\/p>\n<p>&nbsp;<\/p>\n<p><strong>Terminy spotka\u0144<\/strong><br \/>\nZaj\u0119cia b\u0119d\u0105 si\u0119 odbywa\u0142y w dw\u00f3ch grupach:<br \/>\nI grupa w godz. 10.30\u201312.30,<br \/>\nII grupa w godz. 13.00\u201315.00.<\/p>\n<p>&nbsp;<\/p>\n<p><strong>4 lipca 2021<\/strong> \u2013 Ach te lasy! Wycinanka kurpiowska<br \/>\nPodczas zaj\u0119\u0107 nasi go\u015bcie poznaj\u0105 histori\u0119 i funkcj\u0119 wycinanki oraz w\u0142asnor\u0119cznie wykonaj\u0105 wycinank\u0119, kt\u00f3ra uzupe\u0142niona zostanie rustykaln\u0105 ramk\u0105 z ga\u0142\u0105zek. B\u0119dzie to atrakcyjna pami\u0105tka z wizyty w muzeum.<\/p>\n<p>&nbsp;<\/p>\n<p><strong>11 lipca 2021<\/strong> \u2013 Zachwyceni! Zakr\u0119ceni! Zakwieceni \ud83d\ude42 Kwiaty z bibu\u0142y<br \/>\nUczestnicy uwij\u0105 ozdobne kwiaty z kolorowej bibu\u0142y, nawi\u0105zuj\u0105ce swoj\u0105 form\u0105 do tradycyjnych dekoracji zdobi\u0105cych chat\u0119 kurpiowsk\u0105.<\/p>\n<p>&nbsp;<\/p>\n<p><strong>18 lipca 2021<\/strong> \u2013 Bur\u015btyny z modeliny<br \/>\nBi\u017cuteria \u2013 bransoletki, korale i inne ozdoby. Kurpianki nosi\u0142y bursztyny, a my wykorzystamy modelin\u0119, by stworzy\u0107 niepowtarzaln\u0105 bi\u017cuteri\u0119, dobieraj\u0105c kolory, kszta\u0142ty i wzory.<\/p>\n<p>&nbsp;<\/p>\n<p><strong>25 lipca 2021<\/strong> \u2013 Firanecka do okienecka &#8211; papierowe firanki i z\u0105bki<br \/>\nGo\u015bcie muzealni wykonaj\u0105 z bia\u0142ego papieru firanki i ozdobne ta\u015bmy na p\u00f3\u0142ki. Elementy te zdobi\u0142y niegdy\u015b wn\u0119trze izby kurpiowskiej. Dzi\u015b r\u00f3wnie\u017c z powodzeniem mog\u0105 pos\u0142u\u017cy\u0107 do dekoracji dom\u00f3w i mieszka\u0144.<\/p>\n<p>&nbsp;<\/p>\n<p><strong>1 sierpnia 2021<\/strong> \u2013 Przytulanka z ga\u0142ganka<br \/>\nNa to spotkanie w szczeg\u00f3lno\u015bci zapraszamy dzieci i rodzic\u00f3w. Za pomoc\u0105 ig\u0142y, nitki i kawa\u0142ka szmatki uczestnicy wyczaruj\u0105 szmaciane lalki, jakimi kiedy\u015b bawi\u0142y si\u0119 dzieci.<\/p>\n<p>&nbsp;<\/p>\n<p><strong>22 sierpnia 2021<\/strong> \u2013 Kurpiowskie ptaki<br \/>\nMuzealni go\u015bcie stworz\u0105 gufrowane ptaszki, kt\u00f3re niegdy\u015b stanowi\u0142y od\u015bwi\u0119tny wystr\u00f3j kurpiowskiej chaty. Ptaszek z materia\u0142owym tu\u0142owiem i papierowymi skrzyd\u0142ami b\u0119dzie stanowi\u0142 oryginaln\u0105 ozdob\u0119 w stylu etno.<\/p>\n<p>&nbsp;<\/p>\n<p><strong>29 sierpnia 2021<\/strong> \u2013 Filcowe cude\u0144ka<br \/>\nPodczas warsztat\u00f3w go\u015bcie stworz\u0105 produkt, kt\u00f3rego nie mo\u017ce zabrakn\u0105\u0107 w \u017cadnym domu. Proponujemy wykonanie kompletu podk\u0142adek pod kubki inspirowanych wzorem wycinanek kurpiowskich.<\/p>\n<p>&nbsp;<\/p>\n<p>Ilo\u015b\u0107 miejsc ograniczona. Obowi\u0105zuj\u0105 zapisy pod nr tel. 29 764 54 43, wew. 43.<br \/>\nCena: 10 z\u0142 od osoby.<br \/>\nMiejsce: Muzeum Kultury Kurpiowskiej w Ostro\u0142\u0119ce, przy placu gen. J. Bema 8.<\/p>\n<p>Zaj\u0119cia b\u0119d\u0105 odbywa\u0142y si\u0119 z zachowaniem re\u017cimu sanitarnego.<\/p>\n<p>Serdecznie zapraszamy!<\/p>\n","protected":false},"excerpt":{"rendered":"<p>Od niedzieli 4 lipca 2021 r. zapraszamy wszystkich, kt\u00f3rzy lubi\u0105 w\u0142asnor\u0119cznie tworzy\u0107 pi\u0119kne, kolorowe elementy kurpiowskiego folkloru, a przy tym mi\u0142o sp\u0119dza\u0107 czas w towarzystwie rodziny, przyjaci\u00f3\u0142 i znajomych. Zapraszamy rodzic\u00f3w z dzie\u0107mi, m\u0142odzie\u017c, ale nie tylko \u2013 zaj\u0119cia s\u0105 dostosowane do wszystkich grup wiekowych. &nbsp; Terminy spotka\u0144 Zaj\u0119cia b\u0119d\u0105 si\u0119 odbywa\u0142y w dw\u00f3ch grupach: [&hellip;]<\/p>\n","protected":false},"author":3,"featured_media":7307,"comment_status":"closed","ping_status":"closed","sticky":false,"template":"","format":"standard","meta":{"_acf_changed":false,"_lmt_disableupdate":"","_lmt_disable":"","_monsterinsights_skip_tracking":false,"_monsterinsights_sitenote_active":false,"_monsterinsights_sitenote_note":"","_monsterinsights_sitenote_category":0,"ngg_post_thumbnail":0,"footnotes":""},"categories":[3],"tags":[],"class_list":["post-7306","post","type-post","status-publish","format-standard","has-post-thumbnail","hentry","category-aktualnosci"],"acf":[],"modified_by":"Daniel Go\u0142a\u015b","_links":{"self":[{"href":"https:\/\/muzeum.ostroleka.pl\/index.php?rest_route=\/wp\/v2\/posts\/7306","targetHints":{"allow":["GET"]}}],"collection":[{"href":"https:\/\/muzeum.ostroleka.pl\/index.php?rest_route=\/wp\/v2\/posts"}],"about":[{"href":"https:\/\/muzeum.ostroleka.pl\/index.php?rest_route=\/wp\/v2\/types\/post"}],"author":[{"embeddable":true,"href":"https:\/\/muzeum.ostroleka.pl\/index.php?rest_route=\/wp\/v2\/users\/3"}],"replies":[{"embeddable":true,"href":"https:\/\/muzeum.ostroleka.pl\/index.php?rest_route=%2Fwp%2Fv2%2Fcomments&post=7306"}],"version-history":[{"count":3,"href":"https:\/\/muzeum.ostroleka.pl\/index.php?rest_route=\/wp\/v2\/posts\/7306\/revisions"}],"predecessor-version":[{"id":7310,"href":"https:\/\/muzeum.ostroleka.pl\/index.php?rest_route=\/wp\/v2\/posts\/7306\/revisions\/7310"}],"wp:featuredmedia":[{"embeddable":true,"href":"https:\/\/muzeum.ostroleka.pl\/index.php?rest_route=\/wp\/v2\/media\/7307"}],"wp:attachment":[{"href":"https:\/\/muzeum.ostroleka.pl\/index.php?rest_route=%2Fwp%2Fv2%2Fmedia&parent=7306"}],"wp:term":[{"taxonomy":"category","embeddable":true,"href":"https:\/\/muzeum.ostroleka.pl\/index.php?rest_route=%2Fwp%2Fv2%2Fcategories&post=7306"},{"taxonomy":"post_tag","embeddable":true,"href":"https:\/\/muzeum.ostroleka.pl\/index.php?rest_route=%2Fwp%2Fv2%2Ftags&post=7306"}],"curies":[{"name":"wp","href":"https:\/\/api.w.org\/{rel}","templated":true}]}}