{"id":7344,"date":"2021-06-25T14:32:03","date_gmt":"2021-06-25T13:32:03","guid":{"rendered":"https:\/\/muzeum.ostroleka.pl\/?p=7344"},"modified":"2021-06-25T14:32:03","modified_gmt":"2021-06-25T13:32:03","slug":"juz-niebawem-publikacja-powiesci-dionizego-maliszewskiego","status":"publish","type":"post","link":"https:\/\/muzeum.ostroleka.pl\/?p=7344","title":{"rendered":"Ju\u017c niebawem publikacja powie\u015bci Dionizego Maliszewskiego"},"content":{"rendered":"<p style=\"text-align: justify;\">Szanowni Pa\u0144stwo,<br \/>\nmamy przyjemno\u015b\u0107 zaprezentowa\u0107 projekt ok\u0142adki niepublikowanej dot\u0105d powie\u015bci Dionizego Maliszewskiego. Autork\u0105 projektu jest Elwira Gers. W bie\u017c\u0105cym roku mija 90. rocznica urodzin poety i publicysty, animatora kultury, wsp\u00f3\u0142tw\u00f3rcy i prezesa Grupy Poetyckiej \u201eNarew\u201d. Muzeum Kultury Kurpiowskiej w Ostro\u0142\u0119ce, Miejska Biblioteka Publiczna w Ostro\u0142\u0119ce i Stowarzyszenie Przyjaci\u00f3\u0142 Bibliotek i Ksi\u0105\u017cki przygotowuj\u0105 szereg wydarze\u0144 kulturalnych maj\u0105cych na celu uczczenie pami\u0119ci tego wielkiego ostro\u0142\u0119czanina. Jedn\u0105 z inicjatyw jest publikacja jedynej powie\u015bci Dionizego Maliszewskiego.<\/p>\n<p style=\"text-align: justify;\">Autobiograficzna ksi\u0105\u017cka \u201ePrzed wyrokiem\u201d powsta\u0142a w latach 1980\/1981 i dotyczy wydarze\u0144, kt\u00f3re przytrafi\u0142y si\u0119 autorowi w 1950 roku, kiedy to, za przynale\u017cno\u015b\u0107 do nielegalnego zwi\u0105zku, zosta\u0142 on jako dziewi\u0119tnastolatek skazany na wieloletnie wi\u0119zienie. Publikacja, wzbogacona o wst\u0119p krytycznoliteracki dr. hab. Karola Samsela, uka\u017ce si\u0119 ju\u017c w sierpniu.<\/p>\n","protected":false},"excerpt":{"rendered":"<p>Szanowni Pa\u0144stwo, mamy przyjemno\u015b\u0107 zaprezentowa\u0107 projekt ok\u0142adki niepublikowanej dot\u0105d powie\u015bci Dionizego Maliszewskiego. Autork\u0105 projektu jest Elwira Gers. W bie\u017c\u0105cym roku mija 90. rocznica urodzin poety i publicysty, animatora kultury, wsp\u00f3\u0142tw\u00f3rcy i prezesa Grupy Poetyckiej \u201eNarew\u201d. Muzeum Kultury Kurpiowskiej w Ostro\u0142\u0119ce, Miejska Biblioteka Publiczna w Ostro\u0142\u0119ce i Stowarzyszenie Przyjaci\u00f3\u0142 Bibliotek i Ksi\u0105\u017cki przygotowuj\u0105 szereg wydarze\u0144 kulturalnych [&hellip;]<\/p>\n","protected":false},"author":3,"featured_media":7345,"comment_status":"closed","ping_status":"closed","sticky":false,"template":"","format":"standard","meta":{"_acf_changed":false,"_lmt_disableupdate":"","_lmt_disable":"","_monsterinsights_skip_tracking":false,"_monsterinsights_sitenote_active":false,"_monsterinsights_sitenote_note":"","_monsterinsights_sitenote_category":0,"ngg_post_thumbnail":0,"footnotes":""},"categories":[3],"tags":[],"class_list":["post-7344","post","type-post","status-publish","format-standard","has-post-thumbnail","hentry","category-aktualnosci"],"acf":[],"modified_by":"Daniel Go\u0142a\u015b","_links":{"self":[{"href":"https:\/\/muzeum.ostroleka.pl\/index.php?rest_route=\/wp\/v2\/posts\/7344","targetHints":{"allow":["GET"]}}],"collection":[{"href":"https:\/\/muzeum.ostroleka.pl\/index.php?rest_route=\/wp\/v2\/posts"}],"about":[{"href":"https:\/\/muzeum.ostroleka.pl\/index.php?rest_route=\/wp\/v2\/types\/post"}],"author":[{"embeddable":true,"href":"https:\/\/muzeum.ostroleka.pl\/index.php?rest_route=\/wp\/v2\/users\/3"}],"replies":[{"embeddable":true,"href":"https:\/\/muzeum.ostroleka.pl\/index.php?rest_route=%2Fwp%2Fv2%2Fcomments&post=7344"}],"version-history":[{"count":1,"href":"https:\/\/muzeum.ostroleka.pl\/index.php?rest_route=\/wp\/v2\/posts\/7344\/revisions"}],"predecessor-version":[{"id":7346,"href":"https:\/\/muzeum.ostroleka.pl\/index.php?rest_route=\/wp\/v2\/posts\/7344\/revisions\/7346"}],"wp:featuredmedia":[{"embeddable":true,"href":"https:\/\/muzeum.ostroleka.pl\/index.php?rest_route=\/wp\/v2\/media\/7345"}],"wp:attachment":[{"href":"https:\/\/muzeum.ostroleka.pl\/index.php?rest_route=%2Fwp%2Fv2%2Fmedia&parent=7344"}],"wp:term":[{"taxonomy":"category","embeddable":true,"href":"https:\/\/muzeum.ostroleka.pl\/index.php?rest_route=%2Fwp%2Fv2%2Fcategories&post=7344"},{"taxonomy":"post_tag","embeddable":true,"href":"https:\/\/muzeum.ostroleka.pl\/index.php?rest_route=%2Fwp%2Fv2%2Ftags&post=7344"}],"curies":[{"name":"wp","href":"https:\/\/api.w.org\/{rel}","templated":true}]}}