{"id":7347,"date":"2021-06-28T12:58:00","date_gmt":"2021-06-28T11:58:00","guid":{"rendered":"https:\/\/muzeum.ostroleka.pl\/?p=7347"},"modified":"2021-06-28T12:58:00","modified_gmt":"2021-06-28T11:58:00","slug":"etnodizajn-po-kurpiowsku-juz-za-kilka-dni","status":"publish","type":"post","link":"https:\/\/muzeum.ostroleka.pl\/?p=7347","title":{"rendered":"\u201eEtnodizajn po kurpiowsku\u201d ju\u017c za kilka dni!"},"content":{"rendered":"<p>W najbli\u017csz\u0105 niedziel\u0119 odb\u0119dzie si\u0119 pierwsze w tym roku spotkanie z cyklu \u201eEtnodizajn po kurpiowsku\u201d. Opowiemy Pa\u0144stwu o historii i funkcji kurpiowskiej wycinanki. Razem z Pa\u0144stwem wykonamy wycinank\u0119 typu \u201elas\u201d, kt\u00f3r\u0105 oprawimy w rustykaln\u0105 ramk\u0119 z tektury i ga\u0142\u0105zek. W ubieg\u0142ym roku wycinanka w ramce cieszy\u0142a si\u0119 szczeg\u00f3lnym powodzeniem w\u015br\u00f3d uczestnik\u00f3w tw\u00f3rczych spotka\u0144. Wierzymy, \u017ce i tym razem zdob\u0119dzie ona serca naszych go\u015bci.<\/p>\n<p>Najbli\u017csze spotkanie pt. \u201eAch te lasy! Wycinanka kurpiowska\u201d odb\u0119dzie si\u0119 4 lipca 2021 r.<br \/>\nZaj\u0119cia b\u0119d\u0105 si\u0119 odbywa\u0142y w dw\u00f3ch grupach:<br \/>\nI grupa w godz. 10.30\u201312.30,<br \/>\nII grupa w godz. 13.00\u201315.00.<\/p>\n<p>&nbsp;<\/p>\n<p>Uwaga!<\/p>\n<p>Ilo\u015b\u0107 miejsc ograniczona. Obowi\u0105zuj\u0105 zapisy pod nr tel. 29 764 54 43, wew. 43.<\/p>\n<p>Cena: 10 z\u0142 od osoby.<\/p>\n<p>Miejsce: Muzeum Kultury Kurpiowskiej w Ostro\u0142\u0119ce, przy placu gen. J. Bema 8.<\/p>\n<p>Zaj\u0119cia b\u0119d\u0105 odbywa\u0142y si\u0119 z zachowaniem re\u017cimu sanitarnego.<\/p>\n<p>&nbsp;<\/p>\n<p>Serdecznie zapraszamy\u2757<\/p>\n<p>&nbsp;<\/p>\nngg_shortcode_0_placeholder\n","protected":false},"excerpt":{"rendered":"<p>W najbli\u017csz\u0105 niedziel\u0119 odb\u0119dzie si\u0119 pierwsze w tym roku spotkanie z cyklu \u201eEtnodizajn po kurpiowsku\u201d. Opowiemy Pa\u0144stwu o historii i funkcji kurpiowskiej wycinanki. Razem z Pa\u0144stwem wykonamy wycinank\u0119 typu \u201elas\u201d, kt\u00f3r\u0105 oprawimy w rustykaln\u0105 ramk\u0119 z tektury i ga\u0142\u0105zek. W ubieg\u0142ym roku wycinanka w ramce cieszy\u0142a si\u0119 szczeg\u00f3lnym powodzeniem w\u015br\u00f3d uczestnik\u00f3w tw\u00f3rczych spotka\u0144. Wierzymy, \u017ce [&hellip;]<\/p>\n","protected":false},"author":3,"featured_media":7357,"comment_status":"closed","ping_status":"closed","sticky":false,"template":"","format":"standard","meta":{"_acf_changed":false,"_lmt_disableupdate":"","_lmt_disable":"","_monsterinsights_skip_tracking":false,"_monsterinsights_sitenote_active":false,"_monsterinsights_sitenote_note":"","_monsterinsights_sitenote_category":0,"ngg_post_thumbnail":0,"footnotes":""},"categories":[3],"tags":[],"class_list":["post-7347","post","type-post","status-publish","format-standard","has-post-thumbnail","hentry","category-aktualnosci"],"acf":[],"modified_by":"Daniel Go\u0142a\u015b","_links":{"self":[{"href":"https:\/\/muzeum.ostroleka.pl\/index.php?rest_route=\/wp\/v2\/posts\/7347","targetHints":{"allow":["GET"]}}],"collection":[{"href":"https:\/\/muzeum.ostroleka.pl\/index.php?rest_route=\/wp\/v2\/posts"}],"about":[{"href":"https:\/\/muzeum.ostroleka.pl\/index.php?rest_route=\/wp\/v2\/types\/post"}],"author":[{"embeddable":true,"href":"https:\/\/muzeum.ostroleka.pl\/index.php?rest_route=\/wp\/v2\/users\/3"}],"replies":[{"embeddable":true,"href":"https:\/\/muzeum.ostroleka.pl\/index.php?rest_route=%2Fwp%2Fv2%2Fcomments&post=7347"}],"version-history":[{"count":4,"href":"https:\/\/muzeum.ostroleka.pl\/index.php?rest_route=\/wp\/v2\/posts\/7347\/revisions"}],"predecessor-version":[{"id":7358,"href":"https:\/\/muzeum.ostroleka.pl\/index.php?rest_route=\/wp\/v2\/posts\/7347\/revisions\/7358"}],"wp:featuredmedia":[{"embeddable":true,"href":"https:\/\/muzeum.ostroleka.pl\/index.php?rest_route=\/wp\/v2\/media\/7357"}],"wp:attachment":[{"href":"https:\/\/muzeum.ostroleka.pl\/index.php?rest_route=%2Fwp%2Fv2%2Fmedia&parent=7347"}],"wp:term":[{"taxonomy":"category","embeddable":true,"href":"https:\/\/muzeum.ostroleka.pl\/index.php?rest_route=%2Fwp%2Fv2%2Fcategories&post=7347"},{"taxonomy":"post_tag","embeddable":true,"href":"https:\/\/muzeum.ostroleka.pl\/index.php?rest_route=%2Fwp%2Fv2%2Ftags&post=7347"}],"curies":[{"name":"wp","href":"https:\/\/api.w.org\/{rel}","templated":true}]}}