{"id":7360,"date":"2021-06-30T15:02:36","date_gmt":"2021-06-30T14:02:36","guid":{"rendered":"https:\/\/muzeum.ostroleka.pl\/?p=7360"},"modified":"2021-06-30T15:02:36","modified_gmt":"2021-06-30T14:02:36","slug":"seniorzy-w-zagrodzie-kurpiowskiej-w-kadzidle","status":"publish","type":"post","link":"https:\/\/muzeum.ostroleka.pl\/?p=7360","title":{"rendered":"Seniorzy w Zagrodzie Kurpiowskiej w Kadzidle"},"content":{"rendered":"<p>Wczoraj (29 czerwca 2021) w Zagrodzie Kurpiowskiej w Kadzidle go\u015bcili\u015bmy 27 os\u00f3b z Dziennego Domu SENIOR+. Seniorzy z Ostro\u0142\u0119ki zwiedzili skansen oraz wzi\u0119li udzia\u0142 w zaj\u0119ciach, w ramach kt\u00f3rych pod okiem tw\u00f3rczyni ludowej Wies\u0142awy Bogda\u0144skiej wykonywali tradycyjne kwiaty z bibu\u0142y. Spotkanie os\u0142odzi\u0142 placek dro\u017cd\u017cowy upieczony wed\u0142ug tradycyjnej receptury.<\/p>\n<p>Serdecznie dzi\u0119kujemy za mi\u0142e spotkanie i ponownie zapraszamy.<\/p>\n<p>&nbsp;<\/p>\nngg_shortcode_0_placeholder\n","protected":false},"excerpt":{"rendered":"<p>Wczoraj (29 czerwca 2021) w Zagrodzie Kurpiowskiej w Kadzidle go\u015bcili\u015bmy 27 os\u00f3b z Dziennego Domu SENIOR+. Seniorzy z Ostro\u0142\u0119ki zwiedzili skansen oraz wzi\u0119li udzia\u0142 w zaj\u0119ciach, w ramach kt\u00f3rych pod okiem tw\u00f3rczyni ludowej Wies\u0142awy Bogda\u0144skiej wykonywali tradycyjne kwiaty z bibu\u0142y. Spotkanie os\u0142odzi\u0142 placek dro\u017cd\u017cowy upieczony wed\u0142ug tradycyjnej receptury. Serdecznie dzi\u0119kujemy za mi\u0142e spotkanie i ponownie [&hellip;]<\/p>\n","protected":false},"author":3,"featured_media":7370,"comment_status":"closed","ping_status":"closed","sticky":false,"template":"","format":"standard","meta":{"_acf_changed":false,"_lmt_disableupdate":"","_lmt_disable":"","_monsterinsights_skip_tracking":false,"_monsterinsights_sitenote_active":false,"_monsterinsights_sitenote_note":"","_monsterinsights_sitenote_category":0,"ngg_post_thumbnail":0,"footnotes":""},"categories":[3],"tags":[],"class_list":["post-7360","post","type-post","status-publish","format-standard","has-post-thumbnail","hentry","category-aktualnosci"],"acf":[],"modified_by":"Daniel Go\u0142a\u015b","_links":{"self":[{"href":"https:\/\/muzeum.ostroleka.pl\/index.php?rest_route=\/wp\/v2\/posts\/7360","targetHints":{"allow":["GET"]}}],"collection":[{"href":"https:\/\/muzeum.ostroleka.pl\/index.php?rest_route=\/wp\/v2\/posts"}],"about":[{"href":"https:\/\/muzeum.ostroleka.pl\/index.php?rest_route=\/wp\/v2\/types\/post"}],"author":[{"embeddable":true,"href":"https:\/\/muzeum.ostroleka.pl\/index.php?rest_route=\/wp\/v2\/users\/3"}],"replies":[{"embeddable":true,"href":"https:\/\/muzeum.ostroleka.pl\/index.php?rest_route=%2Fwp%2Fv2%2Fcomments&post=7360"}],"version-history":[{"count":1,"href":"https:\/\/muzeum.ostroleka.pl\/index.php?rest_route=\/wp\/v2\/posts\/7360\/revisions"}],"predecessor-version":[{"id":7371,"href":"https:\/\/muzeum.ostroleka.pl\/index.php?rest_route=\/wp\/v2\/posts\/7360\/revisions\/7371"}],"wp:featuredmedia":[{"embeddable":true,"href":"https:\/\/muzeum.ostroleka.pl\/index.php?rest_route=\/wp\/v2\/media\/7370"}],"wp:attachment":[{"href":"https:\/\/muzeum.ostroleka.pl\/index.php?rest_route=%2Fwp%2Fv2%2Fmedia&parent=7360"}],"wp:term":[{"taxonomy":"category","embeddable":true,"href":"https:\/\/muzeum.ostroleka.pl\/index.php?rest_route=%2Fwp%2Fv2%2Fcategories&post=7360"},{"taxonomy":"post_tag","embeddable":true,"href":"https:\/\/muzeum.ostroleka.pl\/index.php?rest_route=%2Fwp%2Fv2%2Ftags&post=7360"}],"curies":[{"name":"wp","href":"https:\/\/api.w.org\/{rel}","templated":true}]}}