{"id":7372,"date":"2021-07-01T10:17:38","date_gmt":"2021-07-01T09:17:38","guid":{"rendered":"https:\/\/muzeum.ostroleka.pl\/?p=7372"},"modified":"2021-07-01T10:17:38","modified_gmt":"2021-07-01T09:17:38","slug":"nieznana-historia-pewnej-odznaki","status":"publish","type":"post","link":"https:\/\/muzeum.ostroleka.pl\/?p=7372","title":{"rendered":"Nieznana historia pewnej odznaki"},"content":{"rendered":"<p>Na wystawach muzealnych mo\u017cna zobaczy\u0107 zabytkowe obiekty. Zazwyczaj \u0142\u0105cz\u0105 one walory historyczne, kulturowe z estetycznymi. Czasami warto\u015b\u0107 przedmiotu jest zwielokrotniona poprzez jego dzieje, nierzadko odciskaj\u0105ce si\u0119 na wygl\u0105dzie. Na wystawie \u201ePrzybyli u\u0142ani do Ostro\u0142\u0119ki\u201d znajduj\u0105 si\u0119 m.in. odznaki honorowe 5 Pu\u0142ku U\u0142an\u00f3w Zas\u0142awskich. Jest to imponuj\u0105cy zbi\u00f3r nale\u017c\u0105cy do Leszka Radwa\u0144skiego, ostro\u0142\u0119ckiego kolekcjonera. Zawiera doskonale zachowane warianty odznak oficerskich, podoficerskich i tych noszonych przez szeregowych. S\u0105 odmiany wcze\u015bniejsze i p\u00f3\u017aniejsze, miniatury, a tak\u017ce odznaka otrzymywana za d\u0142ugoletni\u0105 s\u0142u\u017cb\u0119. Mo\u017cna znale\u017a\u0107 je w cz\u0119\u015bci ekspozycji po\u015bwi\u0119conej tradycjom pu\u0142ku.<\/p>\n<p>I jest jedna, na kt\u00f3rej wydarzenia dziejowe odcisn\u0119\u0142y du\u017cy \u015blad. Ma obtart\u0105 emali\u0119, mechaniczne uszkodzenia na ramionach i tarczy i \u017ale zachowany wizerunek Or\u0142a Bia\u0142ego. Wci\u0105\u017c jest przymocowana do wystrz\u0119pionych fragment\u00f3w munduru, z kt\u00f3rego najprawdopodobniej zosta\u0142a gwa\u0142townie wydarta. Odznaka ta nale\u017ca\u0142a do nieznanego nam podoficera 5 pu\u0142ku. Zosta\u0142a znaleziona przy torach kolejowych wiod\u0105cych w g\u0142\u0105b Bia\u0142orusi. Mo\u017cna jedynie domy\u015bla\u0107 si\u0119, jak tragicznych wydarze\u0144 by\u0142a \u015bwiadkiem.<\/p>\n<p>&nbsp;<\/p>\nngg_shortcode_0_placeholder\n","protected":false},"excerpt":{"rendered":"<p>Na wystawach muzealnych mo\u017cna zobaczy\u0107 zabytkowe obiekty. Zazwyczaj \u0142\u0105cz\u0105 one walory historyczne, kulturowe z estetycznymi. Czasami warto\u015b\u0107 przedmiotu jest zwielokrotniona poprzez jego dzieje, nierzadko odciskaj\u0105ce si\u0119 na wygl\u0105dzie. Na wystawie \u201ePrzybyli u\u0142ani do Ostro\u0142\u0119ki\u201d znajduj\u0105 si\u0119 m.in. odznaki honorowe 5 Pu\u0142ku U\u0142an\u00f3w Zas\u0142awskich. Jest to imponuj\u0105cy zbi\u00f3r nale\u017c\u0105cy do Leszka Radwa\u0144skiego, ostro\u0142\u0119ckiego kolekcjonera. Zawiera doskonale [&hellip;]<\/p>\n","protected":false},"author":3,"featured_media":7377,"comment_status":"closed","ping_status":"closed","sticky":false,"template":"","format":"standard","meta":{"_acf_changed":false,"_lmt_disableupdate":"","_lmt_disable":"","_monsterinsights_skip_tracking":false,"_monsterinsights_sitenote_active":false,"_monsterinsights_sitenote_note":"","_monsterinsights_sitenote_category":0,"ngg_post_thumbnail":0,"footnotes":""},"categories":[3],"tags":[],"class_list":["post-7372","post","type-post","status-publish","format-standard","has-post-thumbnail","hentry","category-aktualnosci"],"acf":[],"modified_by":"Daniel Go\u0142a\u015b","_links":{"self":[{"href":"https:\/\/muzeum.ostroleka.pl\/index.php?rest_route=\/wp\/v2\/posts\/7372","targetHints":{"allow":["GET"]}}],"collection":[{"href":"https:\/\/muzeum.ostroleka.pl\/index.php?rest_route=\/wp\/v2\/posts"}],"about":[{"href":"https:\/\/muzeum.ostroleka.pl\/index.php?rest_route=\/wp\/v2\/types\/post"}],"author":[{"embeddable":true,"href":"https:\/\/muzeum.ostroleka.pl\/index.php?rest_route=\/wp\/v2\/users\/3"}],"replies":[{"embeddable":true,"href":"https:\/\/muzeum.ostroleka.pl\/index.php?rest_route=%2Fwp%2Fv2%2Fcomments&post=7372"}],"version-history":[{"count":1,"href":"https:\/\/muzeum.ostroleka.pl\/index.php?rest_route=\/wp\/v2\/posts\/7372\/revisions"}],"predecessor-version":[{"id":7378,"href":"https:\/\/muzeum.ostroleka.pl\/index.php?rest_route=\/wp\/v2\/posts\/7372\/revisions\/7378"}],"wp:featuredmedia":[{"embeddable":true,"href":"https:\/\/muzeum.ostroleka.pl\/index.php?rest_route=\/wp\/v2\/media\/7377"}],"wp:attachment":[{"href":"https:\/\/muzeum.ostroleka.pl\/index.php?rest_route=%2Fwp%2Fv2%2Fmedia&parent=7372"}],"wp:term":[{"taxonomy":"category","embeddable":true,"href":"https:\/\/muzeum.ostroleka.pl\/index.php?rest_route=%2Fwp%2Fv2%2Fcategories&post=7372"},{"taxonomy":"post_tag","embeddable":true,"href":"https:\/\/muzeum.ostroleka.pl\/index.php?rest_route=%2Fwp%2Fv2%2Ftags&post=7372"}],"curies":[{"name":"wp","href":"https:\/\/api.w.org\/{rel}","templated":true}]}}