{"id":7383,"date":"2021-07-02T10:07:57","date_gmt":"2021-07-02T09:07:57","guid":{"rendered":"https:\/\/muzeum.ostroleka.pl\/?p=7383"},"modified":"2021-07-02T10:20:10","modified_gmt":"2021-07-02T09:20:10","slug":"genowefa-pabich-nagrodzona","status":"publish","type":"post","link":"https:\/\/muzeum.ostroleka.pl\/?p=7383","title":{"rendered":"Genowefa Pabich otrzyma\u0142a Nagrod\u0119 im. Oskara Kolberga"},"content":{"rendered":"<p style=\"text-align: justify;\">1 lipca w Sali Wielkiej Ansamblowej Zamku Kr\u00f3lewskiego w Warszawie zosta\u0142y wr\u0119czone Nagrody im. Oskara Kolberga \u201eZa zas\u0142ugi dla kultury ludowej\u201d. Na uroczystej Gali w\u015br\u00f3d laureat\u00f3w nie mog\u0142o zabrakn\u0105\u0107 przedstawiciela Kurpi\u00f3w. W tym roku t\u0119 presti\u017cow\u0105 nagrod\u0119 odebra\u0142a Genowefa Pabich z Krobi. Artystka wykonuje tradycyjne wycinanki, tkaniny, kierce, bukiety, palmy. Nagrod\u0119 wr\u0119czyli wiceminister Jaros\u0142aw Sellin z Ministerstwa Kultury, Dziedzictwa Narodowego i Sportu oraz wicedyrektor Departamentu Kultury, Promocji i Turystyki Urz\u0119du Marsza\u0142kowskiego Wojew\u00f3dztwa Mazowieckiego Magdalena Biernacka, reprezentuj\u0105ca fundatora nagrody. Laureatce gratulujemy i \u017cyczymy wielu sukces\u00f3w, zdrowia i pomy\u015blno\u015bci w \u017cyciu osobistym.<\/p>\nngg_shortcode_0_placeholder\n","protected":false},"excerpt":{"rendered":"<p>1 lipca w Sali Wielkiej Ansamblowej Zamku Kr\u00f3lewskiego w Warszawie zosta\u0142y wr\u0119czone Nagrody im. Oskara Kolberga \u201eZa zas\u0142ugi dla kultury ludowej\u201d. Na uroczystej Gali w\u015br\u00f3d laureat\u00f3w nie mog\u0142o zabrakn\u0105\u0107 przedstawiciela Kurpi\u00f3w. W tym roku t\u0119 presti\u017cow\u0105 nagrod\u0119 odebra\u0142a Genowefa Pabich z Krobi. Artystka wykonuje tradycyjne wycinanki, tkaniny, kierce, bukiety, palmy. Nagrod\u0119 wr\u0119czyli wiceminister Jaros\u0142aw Sellin [&hellip;]<\/p>\n","protected":false},"author":3,"featured_media":7391,"comment_status":"closed","ping_status":"closed","sticky":false,"template":"","format":"standard","meta":{"_acf_changed":false,"_lmt_disableupdate":"","_lmt_disable":"","_monsterinsights_skip_tracking":false,"_monsterinsights_sitenote_active":false,"_monsterinsights_sitenote_note":"","_monsterinsights_sitenote_category":0,"ngg_post_thumbnail":0,"footnotes":""},"categories":[3],"tags":[],"class_list":["post-7383","post","type-post","status-publish","format-standard","has-post-thumbnail","hentry","category-aktualnosci"],"acf":[],"modified_by":"Daniel Go\u0142a\u015b","_links":{"self":[{"href":"https:\/\/muzeum.ostroleka.pl\/index.php?rest_route=\/wp\/v2\/posts\/7383","targetHints":{"allow":["GET"]}}],"collection":[{"href":"https:\/\/muzeum.ostroleka.pl\/index.php?rest_route=\/wp\/v2\/posts"}],"about":[{"href":"https:\/\/muzeum.ostroleka.pl\/index.php?rest_route=\/wp\/v2\/types\/post"}],"author":[{"embeddable":true,"href":"https:\/\/muzeum.ostroleka.pl\/index.php?rest_route=\/wp\/v2\/users\/3"}],"replies":[{"embeddable":true,"href":"https:\/\/muzeum.ostroleka.pl\/index.php?rest_route=%2Fwp%2Fv2%2Fcomments&post=7383"}],"version-history":[{"count":4,"href":"https:\/\/muzeum.ostroleka.pl\/index.php?rest_route=\/wp\/v2\/posts\/7383\/revisions"}],"predecessor-version":[{"id":7396,"href":"https:\/\/muzeum.ostroleka.pl\/index.php?rest_route=\/wp\/v2\/posts\/7383\/revisions\/7396"}],"wp:featuredmedia":[{"embeddable":true,"href":"https:\/\/muzeum.ostroleka.pl\/index.php?rest_route=\/wp\/v2\/media\/7391"}],"wp:attachment":[{"href":"https:\/\/muzeum.ostroleka.pl\/index.php?rest_route=%2Fwp%2Fv2%2Fmedia&parent=7383"}],"wp:term":[{"taxonomy":"category","embeddable":true,"href":"https:\/\/muzeum.ostroleka.pl\/index.php?rest_route=%2Fwp%2Fv2%2Fcategories&post=7383"},{"taxonomy":"post_tag","embeddable":true,"href":"https:\/\/muzeum.ostroleka.pl\/index.php?rest_route=%2Fwp%2Fv2%2Ftags&post=7383"}],"curies":[{"name":"wp","href":"https:\/\/api.w.org\/{rel}","templated":true}]}}