{"id":7397,"date":"2021-07-02T12:27:21","date_gmt":"2021-07-02T11:27:21","guid":{"rendered":"https:\/\/muzeum.ostroleka.pl\/?p=7397"},"modified":"2021-07-02T13:11:42","modified_gmt":"2021-07-02T12:11:42","slug":"kalendarium-wydarzen-rocznicowych","status":"publish","type":"post","link":"https:\/\/muzeum.ostroleka.pl\/?p=7397","title":{"rendered":"Kalendarium wydarze\u0144 rocznicowych"},"content":{"rendered":"<p>Szanowni pa\u0144stwo,<br \/>\nserdecznie zapraszamy do korzystania z naszej oferty wydarze\u0144 realizowanych w ramach obchod\u00f3w 100. rocznicy przybycia 5 Pu\u0142ku U\u0142an\u00f3w Zas\u0142awskich do Ostro\u0142\u0119ki i 190. rocznicy bitwy pod Ostro\u0142\u0119k\u0105 26 maja 1831 roku:<\/p>\n<p>&nbsp;<\/p>\n<p><strong>11 lipca<\/strong> (niedziela), godz. 11.00; 12.30; 14.00.<br \/>\nOprowadzanie kuratorskie po wystawie \u201ePrzybyli u\u0142ani do Ostro\u0142\u0119ki\u201d prowadzone przez Joann\u0119 Zy\u015bk (Muzeum Kultury Kurpiowskiej).<\/p>\n<p><strong>28 lipca<\/strong> (\u015broda), godz. 17.00, sala o\u015bwiatowa MKK.<br \/>\n\u201eEwolucja kawalerii polskiej od Sejmu Wielkiego do powstania listopadowego\u201d \u2014 wyk\u0142ad Krzysztofa Augustyniaka (Muzeum Kultury Kurpiowskiej).<\/p>\n<p><strong>11 sierpnia<\/strong> (\u015broda), godz. 17.00, sala o\u015bwiatowa MKK.<br \/>\n\u201eU\u0142ani i miasto. Z dziej\u00f3w relacji\u201d \u2013 wyk\u0142ad Jacka Karczewskiego (Fundacja Splot Pami\u0119ci).<\/p>\n<p><strong>28 sierpnia<\/strong> (sobota), godz. 15.00, Wojciechowice.<br \/>\n\u201eWojciechowice u\u0142a\u0144skim szlakiem. Spacer historyczno-architektoniczny\u201d \u2013 zaj\u0119cia prowadzone przez Jolant\u0119 \u017bubrowsk\u0105 (Fundacja Splot Pami\u0119ci).<\/p>\n<p><strong>4 wrze\u015bnia<\/strong> (sobota), godz. 15.00, sala o\u015bwiatowa MKK.<br \/>\n\u201eNie masz pana nad u\u0142ana? \u017bycie codzienne w wojsku II Rzeczpospolitej\u201d \u2013 wyk\u0142ad dr. hab. Tomasza Gajownika (Uniwersytet Warmi\u0144sko-Mazurski).<\/p>\n<p><strong>19 wrze\u015bnia<\/strong>, godz. 12.00-19.00, teren Pomnika-Mauzoleum poleg\u0142ych w bitwie pod Ostro\u0142\u0119k\u0105 26 maja 1831 roku.<br \/>\n\u201eZ ma\u0142\u0105 walizk\u0105 w dawny \u015bwiat. U\u0142ani od kuchni\u201d \u2013 rodzinny piknik edukacyjny.<\/p>\n","protected":false},"excerpt":{"rendered":"<p>Szanowni pa\u0144stwo, serdecznie zapraszamy do korzystania z naszej oferty wydarze\u0144 realizowanych w ramach obchod\u00f3w 100. rocznicy przybycia 5 Pu\u0142ku U\u0142an\u00f3w Zas\u0142awskich do Ostro\u0142\u0119ki i 190. rocznicy bitwy pod Ostro\u0142\u0119k\u0105 26 maja 1831 roku: &nbsp; 11 lipca (niedziela), godz. 11.00; 12.30; 14.00. Oprowadzanie kuratorskie po wystawie \u201ePrzybyli u\u0142ani do Ostro\u0142\u0119ki\u201d prowadzone przez Joann\u0119 Zy\u015bk (Muzeum Kultury [&hellip;]<\/p>\n","protected":false},"author":3,"featured_media":7400,"comment_status":"closed","ping_status":"closed","sticky":false,"template":"","format":"standard","meta":{"_acf_changed":false,"_lmt_disableupdate":"","_lmt_disable":"","_monsterinsights_skip_tracking":false,"_monsterinsights_sitenote_active":false,"_monsterinsights_sitenote_note":"","_monsterinsights_sitenote_category":0,"ngg_post_thumbnail":0,"footnotes":""},"categories":[3],"tags":[],"class_list":["post-7397","post","type-post","status-publish","format-standard","has-post-thumbnail","hentry","category-aktualnosci"],"acf":[],"modified_by":"Daniel Go\u0142a\u015b","_links":{"self":[{"href":"https:\/\/muzeum.ostroleka.pl\/index.php?rest_route=\/wp\/v2\/posts\/7397","targetHints":{"allow":["GET"]}}],"collection":[{"href":"https:\/\/muzeum.ostroleka.pl\/index.php?rest_route=\/wp\/v2\/posts"}],"about":[{"href":"https:\/\/muzeum.ostroleka.pl\/index.php?rest_route=\/wp\/v2\/types\/post"}],"author":[{"embeddable":true,"href":"https:\/\/muzeum.ostroleka.pl\/index.php?rest_route=\/wp\/v2\/users\/3"}],"replies":[{"embeddable":true,"href":"https:\/\/muzeum.ostroleka.pl\/index.php?rest_route=%2Fwp%2Fv2%2Fcomments&post=7397"}],"version-history":[{"count":4,"href":"https:\/\/muzeum.ostroleka.pl\/index.php?rest_route=\/wp\/v2\/posts\/7397\/revisions"}],"predecessor-version":[{"id":7402,"href":"https:\/\/muzeum.ostroleka.pl\/index.php?rest_route=\/wp\/v2\/posts\/7397\/revisions\/7402"}],"wp:featuredmedia":[{"embeddable":true,"href":"https:\/\/muzeum.ostroleka.pl\/index.php?rest_route=\/wp\/v2\/media\/7400"}],"wp:attachment":[{"href":"https:\/\/muzeum.ostroleka.pl\/index.php?rest_route=%2Fwp%2Fv2%2Fmedia&parent=7397"}],"wp:term":[{"taxonomy":"category","embeddable":true,"href":"https:\/\/muzeum.ostroleka.pl\/index.php?rest_route=%2Fwp%2Fv2%2Fcategories&post=7397"},{"taxonomy":"post_tag","embeddable":true,"href":"https:\/\/muzeum.ostroleka.pl\/index.php?rest_route=%2Fwp%2Fv2%2Ftags&post=7397"}],"curies":[{"name":"wp","href":"https:\/\/api.w.org\/{rel}","templated":true}]}}