{"id":7403,"date":"2021-07-02T14:21:51","date_gmt":"2021-07-02T13:21:51","guid":{"rendered":"https:\/\/muzeum.ostroleka.pl\/?p=7403"},"modified":"2021-07-02T14:26:53","modified_gmt":"2021-07-02T13:26:53","slug":"pamiatkowa-filizanka","status":"publish","type":"post","link":"https:\/\/muzeum.ostroleka.pl\/?p=7403","title":{"rendered":"Okoliczno\u015bciowa fili\u017canka"},"content":{"rendered":"<p>Mamy przyjemno\u015b\u0107 zaprezentowa\u0107 Pa\u0144stwu limitowan\u0105 wersj\u0119 fili\u017canki zaprojektowan\u0105 z okazji 100. rocznicy przybycia 5 Pu\u0142ku U\u0142an\u00f3w Zas\u0142awskich do Ostro\u0142\u0119ki. Fili\u017canka oraz spodek posiadaj\u0105 nadruk w kolorze srebrnym.<br \/>\nPo obejrzeniu wystawy \u201ePrzybyli u\u0142ani do Ostro\u0142\u0119ki\u201d, t\u0119 rzadk\u0105 pami\u0105tk\u0119 mo\u017cna naby\u0107 w naszym sklepiku muzealnym w cenie 50 z\u0142.<\/p>\nngg_shortcode_0_placeholder\n","protected":false},"excerpt":{"rendered":"<p>Mamy przyjemno\u015b\u0107 zaprezentowa\u0107 Pa\u0144stwu limitowan\u0105 wersj\u0119 fili\u017canki zaprojektowan\u0105 z okazji 100. rocznicy przybycia 5 Pu\u0142ku U\u0142an\u00f3w Zas\u0142awskich do Ostro\u0142\u0119ki. Fili\u017canka oraz spodek posiadaj\u0105 nadruk w kolorze srebrnym. Po obejrzeniu wystawy \u201ePrzybyli u\u0142ani do Ostro\u0142\u0119ki\u201d, t\u0119 rzadk\u0105 pami\u0105tk\u0119 mo\u017cna naby\u0107 w naszym sklepiku muzealnym w cenie 50 z\u0142.<\/p>\n","protected":false},"author":3,"featured_media":7414,"comment_status":"closed","ping_status":"closed","sticky":false,"template":"","format":"standard","meta":{"_acf_changed":false,"_lmt_disableupdate":"","_lmt_disable":"","_monsterinsights_skip_tracking":false,"_monsterinsights_sitenote_active":false,"_monsterinsights_sitenote_note":"","_monsterinsights_sitenote_category":0,"ngg_post_thumbnail":0,"footnotes":""},"categories":[3],"tags":[],"class_list":["post-7403","post","type-post","status-publish","format-standard","has-post-thumbnail","hentry","category-aktualnosci"],"acf":[],"modified_by":"Daniel Go\u0142a\u015b","_links":{"self":[{"href":"https:\/\/muzeum.ostroleka.pl\/index.php?rest_route=\/wp\/v2\/posts\/7403","targetHints":{"allow":["GET"]}}],"collection":[{"href":"https:\/\/muzeum.ostroleka.pl\/index.php?rest_route=\/wp\/v2\/posts"}],"about":[{"href":"https:\/\/muzeum.ostroleka.pl\/index.php?rest_route=\/wp\/v2\/types\/post"}],"author":[{"embeddable":true,"href":"https:\/\/muzeum.ostroleka.pl\/index.php?rest_route=\/wp\/v2\/users\/3"}],"replies":[{"embeddable":true,"href":"https:\/\/muzeum.ostroleka.pl\/index.php?rest_route=%2Fwp%2Fv2%2Fcomments&post=7403"}],"version-history":[{"count":4,"href":"https:\/\/muzeum.ostroleka.pl\/index.php?rest_route=\/wp\/v2\/posts\/7403\/revisions"}],"predecessor-version":[{"id":7415,"href":"https:\/\/muzeum.ostroleka.pl\/index.php?rest_route=\/wp\/v2\/posts\/7403\/revisions\/7415"}],"wp:featuredmedia":[{"embeddable":true,"href":"https:\/\/muzeum.ostroleka.pl\/index.php?rest_route=\/wp\/v2\/media\/7414"}],"wp:attachment":[{"href":"https:\/\/muzeum.ostroleka.pl\/index.php?rest_route=%2Fwp%2Fv2%2Fmedia&parent=7403"}],"wp:term":[{"taxonomy":"category","embeddable":true,"href":"https:\/\/muzeum.ostroleka.pl\/index.php?rest_route=%2Fwp%2Fv2%2Fcategories&post=7403"},{"taxonomy":"post_tag","embeddable":true,"href":"https:\/\/muzeum.ostroleka.pl\/index.php?rest_route=%2Fwp%2Fv2%2Ftags&post=7403"}],"curies":[{"name":"wp","href":"https:\/\/api.w.org\/{rel}","templated":true}]}}