{"id":7416,"date":"2021-07-05T09:26:59","date_gmt":"2021-07-05T08:26:59","guid":{"rendered":"https:\/\/muzeum.ostroleka.pl\/?p=7416"},"modified":"2021-07-05T09:26:59","modified_gmt":"2021-07-05T08:26:59","slug":"nasi-goscie-tworzyli-wycinanki-kurpiowskie","status":"publish","type":"post","link":"https:\/\/muzeum.ostroleka.pl\/?p=7416","title":{"rendered":"Nasi go\u015bcie tworzyli wycinanki kurpiowskie"},"content":{"rendered":"<p style=\"text-align: justify;\">Wczoraj w muzealnej pracowni etnodizajnu powstawa\u0142y pi\u0119kne wycinanki typu \u201elas\u201d. Uczestnicy spotkania z cyklu \u201eEtnodizajn po kurpiowsku\u201d w\u0142asnor\u0119cznie wycinali r\u00f3\u017cne wzory, nast\u0119pnie swoje dzie\u0142a oprawiali w rustykalne ramki z ga\u0142\u0105zek. Tak powsta\u0142e wycinanki mog\u0105 pos\u0142u\u017cy\u0107 do ozdoby wn\u0119trz naszych dom\u00f3w, nadaj\u0105c nieco regionalnego, kurpiowskiego klimatu. Serdecznie dzi\u0119kujemy naszym mi\u0142ym go\u015bciom za wsp\u00f3lnie sp\u0119dzony czas.<\/p>\n<p style=\"text-align: justify;\">Kolejne spotkanie ju\u017c w najbli\u017csz\u0105 niedziel\u0119, a powstawa\u0107 b\u0119d\u0105 kwiaty z bibu\u0142y. Zapraszamy!<br \/>\nZapisy pod nr tel. 29 764 54 43, wew. 43.<\/p>\nngg_shortcode_0_placeholder\n","protected":false},"excerpt":{"rendered":"<p>Wczoraj w muzealnej pracowni etnodizajnu powstawa\u0142y pi\u0119kne wycinanki typu \u201elas\u201d. Uczestnicy spotkania z cyklu \u201eEtnodizajn po kurpiowsku\u201d w\u0142asnor\u0119cznie wycinali r\u00f3\u017cne wzory, nast\u0119pnie swoje dzie\u0142a oprawiali w rustykalne ramki z ga\u0142\u0105zek. Tak powsta\u0142e wycinanki mog\u0105 pos\u0142u\u017cy\u0107 do ozdoby wn\u0119trz naszych dom\u00f3w, nadaj\u0105c nieco regionalnego, kurpiowskiego klimatu. Serdecznie dzi\u0119kujemy naszym mi\u0142ym go\u015bciom za wsp\u00f3lnie sp\u0119dzony czas. Kolejne [&hellip;]<\/p>\n","protected":false},"author":3,"featured_media":7429,"comment_status":"closed","ping_status":"closed","sticky":false,"template":"","format":"standard","meta":{"_acf_changed":false,"_lmt_disableupdate":"","_lmt_disable":"","_monsterinsights_skip_tracking":false,"_monsterinsights_sitenote_active":false,"_monsterinsights_sitenote_note":"","_monsterinsights_sitenote_category":0,"ngg_post_thumbnail":0,"footnotes":""},"categories":[3],"tags":[],"class_list":["post-7416","post","type-post","status-publish","format-standard","has-post-thumbnail","hentry","category-aktualnosci"],"acf":[],"modified_by":"Daniel Go\u0142a\u015b","_links":{"self":[{"href":"https:\/\/muzeum.ostroleka.pl\/index.php?rest_route=\/wp\/v2\/posts\/7416","targetHints":{"allow":["GET"]}}],"collection":[{"href":"https:\/\/muzeum.ostroleka.pl\/index.php?rest_route=\/wp\/v2\/posts"}],"about":[{"href":"https:\/\/muzeum.ostroleka.pl\/index.php?rest_route=\/wp\/v2\/types\/post"}],"author":[{"embeddable":true,"href":"https:\/\/muzeum.ostroleka.pl\/index.php?rest_route=\/wp\/v2\/users\/3"}],"replies":[{"embeddable":true,"href":"https:\/\/muzeum.ostroleka.pl\/index.php?rest_route=%2Fwp%2Fv2%2Fcomments&post=7416"}],"version-history":[{"count":1,"href":"https:\/\/muzeum.ostroleka.pl\/index.php?rest_route=\/wp\/v2\/posts\/7416\/revisions"}],"predecessor-version":[{"id":7430,"href":"https:\/\/muzeum.ostroleka.pl\/index.php?rest_route=\/wp\/v2\/posts\/7416\/revisions\/7430"}],"wp:featuredmedia":[{"embeddable":true,"href":"https:\/\/muzeum.ostroleka.pl\/index.php?rest_route=\/wp\/v2\/media\/7429"}],"wp:attachment":[{"href":"https:\/\/muzeum.ostroleka.pl\/index.php?rest_route=%2Fwp%2Fv2%2Fmedia&parent=7416"}],"wp:term":[{"taxonomy":"category","embeddable":true,"href":"https:\/\/muzeum.ostroleka.pl\/index.php?rest_route=%2Fwp%2Fv2%2Fcategories&post=7416"},{"taxonomy":"post_tag","embeddable":true,"href":"https:\/\/muzeum.ostroleka.pl\/index.php?rest_route=%2Fwp%2Fv2%2Ftags&post=7416"}],"curies":[{"name":"wp","href":"https:\/\/api.w.org\/{rel}","templated":true}]}}