{"id":743,"date":"2016-05-06T12:16:23","date_gmt":"2016-05-06T11:16:23","guid":{"rendered":"http:\/\/mkk.wisnia.pl\/?p=743"},"modified":"2019-12-07T11:14:29","modified_gmt":"2019-12-07T10:14:29","slug":"swieci-i-ich-symbole-nowa-lekcja","status":"publish","type":"post","link":"https:\/\/muzeum.ostroleka.pl\/?p=743","title":{"rendered":"\u015awi\u0119ci i ich symbole &#8211; nowa lekcja"},"content":{"rendered":"<div class=\"leadArticle\">\n<p>\u201e\u015awi\u0119ci i ich symbole\u201d \u2013 lekcja realizowana w terminie od 1 marca do 30 czerwca 2016 na terenie Ostro\u0142\u0119ki, Przasnysza oraz powiatu ostro\u0142\u0119ckiego ma na celu upowszechnienie wiedzy na temat \u015bwi\u0119tych patron\u00f3w, ich biografii oraz przedstawie\u0144 ikonograficznych. Rozpoznawanie atrybut\u00f3w oraz odczytywanie ich symbolicznego znaczenia u\u0142atwi p\u00f3\u017aniejszy odbi\u00f3r wystawy \u201eZwykli niezwykli. Kult \u015bwi\u0119tych w diecezji \u0142om\u017cy\u0144skiej\u201d.<\/p>\n<\/div>\n<p>Lekcja adresowana jest do dzieci w wieku przedszkolnym i szkolnym.<\/p>\n<p>Lekcja jest bezp\u0142atna.<\/p>\n<p>&nbsp;Kontakt:<\/p>\n<p>W sprawie realizacji lekcji w siedzibie Muzeum Kultury Kurpiowskiej, na terenie miasta Ostro\u0142\u0119ki oraz powiatu ostro\u0142\u0119ckiego prosimy o kontakt:<\/p>\n<p>Katarzyna Mr\u00f3z<br \/>\ntel. 29 764 54 43 wew. 36<br \/>\ne-mail:&nbsp;<a href=\"mailto:etnografia@muzeum-ostroleka.art.pl\">etnografia@muzeum-ostroleka.art.pl<\/a><\/p>\n<p>w sprawie realizacji lekcji w siedzibie Muzeum Historycznego w Przasnyszu oraz na terenie miasta Przasnysza prosimy o kontakt:<\/p>\n<p>tel. 29 752 28 66<br \/>\ne-mail:&nbsp;<a href=\"mailto:muzeum@muzeumprzasnysz.pl\">muzeum@muzeumprzasnysz.pl<\/a><\/p>\n<p>&nbsp;<\/p>\n<p><img loading=\"lazy\" decoding=\"async\" width=\"695\" height=\"95\" class=\"alignnone wp-image-744\" alt=\"\" src=\"http:\/\/mkk.wisnia.pl\/wp-content\/uploads\/2019\/10\/logax5-300x41.jpg\" srcset=\"https:\/\/muzeum.ostroleka.pl\/wp-content\/uploads\/2019\/10\/logax5-300x41.jpg 300w, https:\/\/muzeum.ostroleka.pl\/wp-content\/uploads\/2019\/10\/logax5-500x69.jpg 500w, https:\/\/muzeum.ostroleka.pl\/wp-content\/uploads\/2019\/10\/logax5.jpg 595w\" sizes=\"auto, (max-width: 695px) 100vw, 695px\" \/><\/p>\nngg_shortcode_0_placeholder\n<p>&nbsp;<\/p>\n","protected":false},"excerpt":{"rendered":"<p>\u201e\u015awi\u0119ci i ich symbole\u201d \u2013 lekcja realizowana w terminie od 1 marca do 30 czerwca 2016 na terenie Ostro\u0142\u0119ki, Przasnysza oraz powiatu ostro\u0142\u0119ckiego ma na celu upowszechnienie wiedzy na temat \u015bwi\u0119tych patron\u00f3w, ich biografii oraz przedstawie\u0144 ikonograficznych. Rozpoznawanie atrybut\u00f3w oraz odczytywanie ich symbolicznego znaczenia u\u0142atwi p\u00f3\u017aniejszy odbi\u00f3r wystawy \u201eZwykli niezwykli. Kult \u015bwi\u0119tych w diecezji \u0142om\u017cy\u0144skiej\u201d. [&hellip;]<\/p>\n","protected":false},"author":1,"featured_media":414,"comment_status":"open","ping_status":"open","sticky":false,"template":"","format":"standard","meta":{"_acf_changed":false,"_lmt_disableupdate":"","_lmt_disable":"","_monsterinsights_skip_tracking":false,"_monsterinsights_sitenote_active":false,"_monsterinsights_sitenote_note":"","_monsterinsights_sitenote_category":0,"ngg_post_thumbnail":0,"footnotes":""},"categories":[27],"tags":[],"class_list":["post-743","post","type-post","status-publish","format-standard","has-post-thumbnail","hentry","category-lekcje-mkidn-2016"],"acf":[],"modified_by":"Daniel Go\u0142a\u015b","_links":{"self":[{"href":"https:\/\/muzeum.ostroleka.pl\/index.php?rest_route=\/wp\/v2\/posts\/743","targetHints":{"allow":["GET"]}}],"collection":[{"href":"https:\/\/muzeum.ostroleka.pl\/index.php?rest_route=\/wp\/v2\/posts"}],"about":[{"href":"https:\/\/muzeum.ostroleka.pl\/index.php?rest_route=\/wp\/v2\/types\/post"}],"author":[{"embeddable":true,"href":"https:\/\/muzeum.ostroleka.pl\/index.php?rest_route=\/wp\/v2\/users\/1"}],"replies":[{"embeddable":true,"href":"https:\/\/muzeum.ostroleka.pl\/index.php?rest_route=%2Fwp%2Fv2%2Fcomments&post=743"}],"version-history":[{"count":6,"href":"https:\/\/muzeum.ostroleka.pl\/index.php?rest_route=\/wp\/v2\/posts\/743\/revisions"}],"predecessor-version":[{"id":2300,"href":"https:\/\/muzeum.ostroleka.pl\/index.php?rest_route=\/wp\/v2\/posts\/743\/revisions\/2300"}],"wp:featuredmedia":[{"embeddable":true,"href":"https:\/\/muzeum.ostroleka.pl\/index.php?rest_route=\/wp\/v2\/media\/414"}],"wp:attachment":[{"href":"https:\/\/muzeum.ostroleka.pl\/index.php?rest_route=%2Fwp%2Fv2%2Fmedia&parent=743"}],"wp:term":[{"taxonomy":"category","embeddable":true,"href":"https:\/\/muzeum.ostroleka.pl\/index.php?rest_route=%2Fwp%2Fv2%2Fcategories&post=743"},{"taxonomy":"post_tag","embeddable":true,"href":"https:\/\/muzeum.ostroleka.pl\/index.php?rest_route=%2Fwp%2Fv2%2Ftags&post=743"}],"curies":[{"name":"wp","href":"https:\/\/api.w.org\/{rel}","templated":true}]}}