{"id":7431,"date":"2021-07-05T13:01:09","date_gmt":"2021-07-05T12:01:09","guid":{"rendered":"https:\/\/muzeum.ostroleka.pl\/?p=7431"},"modified":"2021-07-05T13:36:51","modified_gmt":"2021-07-05T12:36:51","slug":"tym-razem-beda-kwiaty","status":"publish","type":"post","link":"https:\/\/muzeum.ostroleka.pl\/?p=7431","title":{"rendered":"Tym razem b\u0119d\u0105 kwiaty"},"content":{"rendered":"<p>Pierwsze tegoroczne spotkanie z cyklu \u201eEtnodizajn po kurpiowsku\u201d za nami. Na kolejne zapraszamy ju\u017c w najbli\u017csz\u0105 niedziel\u0119 (11 lipca 2021). Tym razem przewodzi\u0142o nam b\u0119dzie radosne has\u0142o \u201eZachwyceni! Zakr\u0119ceni! Zakwieceni \ud83d\ude42 Kwiaty z bibu\u0142y\u201d. Przygotujemy dla Pa\u0144stwa mn\u00f3stwo kolorowej bibu\u0142y, z kt\u00f3rej powstan\u0105 wielobarwne kwiaty nawi\u0105zuj\u0105ce sw\u0105 form\u0105 do tradycyjnych dekoracji, kt\u00f3rymi zdobiono kurpiowskie chaty.<\/p>\n<p>Zaj\u0119cia odb\u0119d\u0105 si\u0119 w dw\u00f3ch grupach:<br \/>\nI grupa w godz. 10.30\u201312.30,<br \/>\nII grupa w godz. 13.00\u201315.00.<\/p>\n<p>Ilo\u015b\u0107 miejsc ograniczona. Obowi\u0105zuj\u0105 zapisy pod nr tel. 29 764 54 43, wew. 43.<br \/>\nCena: 10 z\u0142 od osoby.<br \/>\nMiejsce: Muzeum Kultury Kurpiowskiej w Ostro\u0142\u0119ce, przy placu gen. J. Bema 8.<\/p>\n<p>Serdecznie zapraszamy!<\/p>\nngg_shortcode_0_placeholder\n","protected":false},"excerpt":{"rendered":"<p>Pierwsze tegoroczne spotkanie z cyklu \u201eEtnodizajn po kurpiowsku\u201d za nami. Na kolejne zapraszamy ju\u017c w najbli\u017csz\u0105 niedziel\u0119 (11 lipca 2021). Tym razem przewodzi\u0142o nam b\u0119dzie radosne has\u0142o \u201eZachwyceni! Zakr\u0119ceni! Zakwieceni \ud83d\ude42 Kwiaty z bibu\u0142y\u201d. Przygotujemy dla Pa\u0144stwa mn\u00f3stwo kolorowej bibu\u0142y, z kt\u00f3rej powstan\u0105 wielobarwne kwiaty nawi\u0105zuj\u0105ce sw\u0105 form\u0105 do tradycyjnych dekoracji, kt\u00f3rymi zdobiono kurpiowskie chaty. [&hellip;]<\/p>\n","protected":false},"author":3,"featured_media":7436,"comment_status":"closed","ping_status":"closed","sticky":false,"template":"","format":"standard","meta":{"_acf_changed":false,"_lmt_disableupdate":"","_lmt_disable":"","_monsterinsights_skip_tracking":false,"_monsterinsights_sitenote_active":false,"_monsterinsights_sitenote_note":"","_monsterinsights_sitenote_category":0,"ngg_post_thumbnail":0,"footnotes":""},"categories":[3],"tags":[],"class_list":["post-7431","post","type-post","status-publish","format-standard","has-post-thumbnail","hentry","category-aktualnosci"],"acf":[],"modified_by":"Daniel Go\u0142a\u015b","_links":{"self":[{"href":"https:\/\/muzeum.ostroleka.pl\/index.php?rest_route=\/wp\/v2\/posts\/7431","targetHints":{"allow":["GET"]}}],"collection":[{"href":"https:\/\/muzeum.ostroleka.pl\/index.php?rest_route=\/wp\/v2\/posts"}],"about":[{"href":"https:\/\/muzeum.ostroleka.pl\/index.php?rest_route=\/wp\/v2\/types\/post"}],"author":[{"embeddable":true,"href":"https:\/\/muzeum.ostroleka.pl\/index.php?rest_route=\/wp\/v2\/users\/3"}],"replies":[{"embeddable":true,"href":"https:\/\/muzeum.ostroleka.pl\/index.php?rest_route=%2Fwp%2Fv2%2Fcomments&post=7431"}],"version-history":[{"count":4,"href":"https:\/\/muzeum.ostroleka.pl\/index.php?rest_route=\/wp\/v2\/posts\/7431\/revisions"}],"predecessor-version":[{"id":7442,"href":"https:\/\/muzeum.ostroleka.pl\/index.php?rest_route=\/wp\/v2\/posts\/7431\/revisions\/7442"}],"wp:featuredmedia":[{"embeddable":true,"href":"https:\/\/muzeum.ostroleka.pl\/index.php?rest_route=\/wp\/v2\/media\/7436"}],"wp:attachment":[{"href":"https:\/\/muzeum.ostroleka.pl\/index.php?rest_route=%2Fwp%2Fv2%2Fmedia&parent=7431"}],"wp:term":[{"taxonomy":"category","embeddable":true,"href":"https:\/\/muzeum.ostroleka.pl\/index.php?rest_route=%2Fwp%2Fv2%2Fcategories&post=7431"},{"taxonomy":"post_tag","embeddable":true,"href":"https:\/\/muzeum.ostroleka.pl\/index.php?rest_route=%2Fwp%2Fv2%2Ftags&post=7431"}],"curies":[{"name":"wp","href":"https:\/\/api.w.org\/{rel}","templated":true}]}}