{"id":7592,"date":"2021-07-16T11:56:08","date_gmt":"2021-07-16T10:56:08","guid":{"rendered":"https:\/\/muzeum.ostroleka.pl\/?p=7592"},"modified":"2021-07-16T11:56:08","modified_gmt":"2021-07-16T10:56:08","slug":"krzysztof-augustyniak-wyglosi-wyklad-pt-ewolucja-kawalerii-polskiej-od-sejmu-wielkiego-do-powstania-listopadowego-2","status":"publish","type":"post","link":"https:\/\/muzeum.ostroleka.pl\/?p=7592","title":{"rendered":"Krzysztof Augustyniak wyg\u0142osi wyk\u0142ad pt. \u201eEwolucja kawalerii polskiej od Sejmu Wielkiego do powstania listopadowego\u201d"},"content":{"rendered":"<p style=\"text-align: justify;\">Szanowni Pa\u0144stwo,<br \/>\nw tym roku obchodzimy 100. rocznic\u0119 przybycia 5 Pu\u0142ku U\u0142an\u00f3w Zas\u0142awskich do Ostro\u0142\u0119ki oraz 190. rocznic\u0119 bitwy pod Ostro\u0142\u0119k\u0105. W zwi\u0105zku z tym Muzeum Kultury Kurpiowskiej w Ostro\u0142\u0119ce przygotowa\u0142o kilka wydarze\u0144 realizowanych w ramach obchod\u00f3w wspomnianych rocznic. Jednym z nich b\u0119dzie wyk\u0142ad: \u201eEwolucja kawalerii polskiej od Sejmu Wielkiego do powstania listopadowego\u201d, kt\u00f3ry wyg\u0142osi Krzysztof Augustyniak \u2013 pracownik Muzeum.<\/p>\n<p style=\"text-align: justify;\">W trakcie wyst\u0105pienia ukazane zostan\u0105 zmiany, kt\u00f3re przeobrazi\u0142y kawaleri\u0119 schy\u0142ku I RP we wspania\u0142\u0105 bro\u0144, jaka przywr\u00f3ci\u0142a blask or\u0119\u017ca polskiego na polach bitew epoki napoleo\u0144skiej i powstania listopadowego.<\/p>\n<p style=\"text-align: justify;\">Wyk\u0142ad odb\u0119dzie si\u0119 w \u015brod\u0119 28 lipca 2021 r. (godz. 17.00) w sali o\u015bwiatowej Muzeum Kultury Kurpiowskiej w Ostro\u0142\u0119ce.<\/p>\n<p>Wst\u0119p wolny.<\/p>\n<p style=\"text-align: justify;\">Serdecznie zapraszamy!<\/p>\n<p>&nbsp;<\/p>\n<p>Ilustracja tytu\u0142owa: Teofil Mielcarzewicz \/autor wzoru\/, 2 i 3 Pu\u0142k U\u0142an\u00f3w, litografia barwna z albumu \u201eWojsko polskie. Zbi\u00f3r wszystkich gatunk\u00f3w wojska polskiego w r. 1831\u201d, ze zbior\u00f3w Biblioteki Narodowej, domena publiczna.<\/p>\n<p>&nbsp;<\/p>\n<p>&nbsp;<\/p>\n<p>&nbsp;<\/p>\n<p>Kalendarium wydarze\u0144 realizowanych w ramach obchod\u00f3w 100. rocznicy przybycia 5 Pu\u0142ku U\u0142an\u00f3w Zas\u0142awskich do Ostro\u0142\u0119ki i 190. rocznicy bitwy pod Ostro\u0142\u0119k\u0105 26 maja 1831 roku znajduje si\u0119 pod adresem: <a href=\"https:\/\/muzeum.ostroleka.pl\/?p=7397\">https:\/\/muzeum.ostroleka.pl\/?p=7397<\/a>.<\/p>\n","protected":false},"excerpt":{"rendered":"<p>Szanowni Pa\u0144stwo, w tym roku obchodzimy 100. rocznic\u0119 przybycia 5 Pu\u0142ku U\u0142an\u00f3w Zas\u0142awskich do Ostro\u0142\u0119ki oraz 190. rocznic\u0119 bitwy pod Ostro\u0142\u0119k\u0105. W zwi\u0105zku z tym Muzeum Kultury Kurpiowskiej w Ostro\u0142\u0119ce przygotowa\u0142o kilka wydarze\u0144 realizowanych w ramach obchod\u00f3w wspomnianych rocznic. Jednym z nich b\u0119dzie wyk\u0142ad: \u201eEwolucja kawalerii polskiej od Sejmu Wielkiego do powstania listopadowego\u201d, kt\u00f3ry wyg\u0142osi [&hellip;]<\/p>\n","protected":false},"author":3,"featured_media":7586,"comment_status":"closed","ping_status":"closed","sticky":false,"template":"","format":"standard","meta":{"_acf_changed":false,"_lmt_disableupdate":"","_lmt_disable":"","_monsterinsights_skip_tracking":false,"_monsterinsights_sitenote_active":false,"_monsterinsights_sitenote_note":"","_monsterinsights_sitenote_category":0,"ngg_post_thumbnail":0,"footnotes":""},"categories":[3],"tags":[],"class_list":["post-7592","post","type-post","status-publish","format-standard","has-post-thumbnail","hentry","category-aktualnosci"],"acf":[],"modified_by":"Daniel Go\u0142a\u015b","_links":{"self":[{"href":"https:\/\/muzeum.ostroleka.pl\/index.php?rest_route=\/wp\/v2\/posts\/7592","targetHints":{"allow":["GET"]}}],"collection":[{"href":"https:\/\/muzeum.ostroleka.pl\/index.php?rest_route=\/wp\/v2\/posts"}],"about":[{"href":"https:\/\/muzeum.ostroleka.pl\/index.php?rest_route=\/wp\/v2\/types\/post"}],"author":[{"embeddable":true,"href":"https:\/\/muzeum.ostroleka.pl\/index.php?rest_route=\/wp\/v2\/users\/3"}],"replies":[{"embeddable":true,"href":"https:\/\/muzeum.ostroleka.pl\/index.php?rest_route=%2Fwp%2Fv2%2Fcomments&post=7592"}],"version-history":[{"count":1,"href":"https:\/\/muzeum.ostroleka.pl\/index.php?rest_route=\/wp\/v2\/posts\/7592\/revisions"}],"predecessor-version":[{"id":7593,"href":"https:\/\/muzeum.ostroleka.pl\/index.php?rest_route=\/wp\/v2\/posts\/7592\/revisions\/7593"}],"wp:featuredmedia":[{"embeddable":true,"href":"https:\/\/muzeum.ostroleka.pl\/index.php?rest_route=\/wp\/v2\/media\/7586"}],"wp:attachment":[{"href":"https:\/\/muzeum.ostroleka.pl\/index.php?rest_route=%2Fwp%2Fv2%2Fmedia&parent=7592"}],"wp:term":[{"taxonomy":"category","embeddable":true,"href":"https:\/\/muzeum.ostroleka.pl\/index.php?rest_route=%2Fwp%2Fv2%2Fcategories&post=7592"},{"taxonomy":"post_tag","embeddable":true,"href":"https:\/\/muzeum.ostroleka.pl\/index.php?rest_route=%2Fwp%2Fv2%2Ftags&post=7592"}],"curies":[{"name":"wp","href":"https:\/\/api.w.org\/{rel}","templated":true}]}}