{"id":7634,"date":"2021-07-21T08:04:06","date_gmt":"2021-07-21T07:04:06","guid":{"rendered":"https:\/\/muzeum.ostroleka.pl\/?p=7634"},"modified":"2021-07-21T08:06:13","modified_gmt":"2021-07-21T07:06:13","slug":"wiersz-autorstwa-dionizego-maliszewskiego-2","status":"publish","type":"post","link":"https:\/\/muzeum.ostroleka.pl\/?p=7634","title":{"rendered":"Wiersz autorstwa Dionizego Maliszewskiego"},"content":{"rendered":"<p>&nbsp;<\/p>\n<p><strong>\u015awi\u0105tek<\/strong><\/p>\n<p>Nie z Marii \u015bwi\u0119tej si\u0119 pocz\u0105\u0142<\/p>\n<p>&#8211; lecz z czu\u0142o\u015bci ch\u0142opskich d\u0142oni<\/p>\n<p>i z bukowego drewna.<\/p>\n<p>Malowany niebiesk\u0105 farb\u0105<\/p>\n<p>nagi w\u0142adca ko\u015blawych kapliczek.<\/p>\n<p>Korniki stoczy\u0142y mu serce<\/p>\n<p>dzi\u0119cio\u0142y wy\u0142upi\u0142y oczy \u2013<\/p>\n<p>bezradny stoi \u2013<\/p>\n<p>w szyderstwie wichr\u00f3w i burz.<\/p>\n<p>\u2013 Sprawiedliwy kr\u00f3l mojego dzieci\u0144stwa<\/p>\n<p>w koronie uwitej \u2013<\/p>\n<p>ze \u015bpiewu skowronka i wilgi.<\/p>\n<p>&nbsp;<\/p>\n<p style=\"padding-left: 160px;\">Dionizy Maliszewski<\/p>\n<p>&nbsp;<\/p>\n<p>&nbsp;<\/p>\n<p>Ilustracja: Figura Chrystusa w kapliczce przydro\u017cnej w Kuziach, pow. \u0142om\u017cy\u0144ski, arch. MKK.<\/p>\n","protected":false},"excerpt":{"rendered":"<p>&nbsp; \u015awi\u0105tek Nie z Marii \u015bwi\u0119tej si\u0119 pocz\u0105\u0142 &#8211; lecz z czu\u0142o\u015bci ch\u0142opskich d\u0142oni i z bukowego drewna. Malowany niebiesk\u0105 farb\u0105 nagi w\u0142adca ko\u015blawych kapliczek. Korniki stoczy\u0142y mu serce dzi\u0119cio\u0142y wy\u0142upi\u0142y oczy \u2013 bezradny stoi \u2013 w szyderstwie wichr\u00f3w i burz. \u2013 Sprawiedliwy kr\u00f3l mojego dzieci\u0144stwa w koronie uwitej \u2013 ze \u015bpiewu skowronka i wilgi. [&hellip;]<\/p>\n","protected":false},"author":3,"featured_media":7625,"comment_status":"closed","ping_status":"closed","sticky":false,"template":"","format":"standard","meta":{"_acf_changed":false,"_lmt_disableupdate":"","_lmt_disable":"","_monsterinsights_skip_tracking":false,"_monsterinsights_sitenote_active":false,"_monsterinsights_sitenote_note":"","_monsterinsights_sitenote_category":0,"ngg_post_thumbnail":0,"footnotes":""},"categories":[3,55],"tags":[],"class_list":["post-7634","post","type-post","status-publish","format-standard","has-post-thumbnail","hentry","category-aktualnosci","category-wirtualne-muzeum"],"acf":[],"modified_by":"Daniel Go\u0142a\u015b","_links":{"self":[{"href":"https:\/\/muzeum.ostroleka.pl\/index.php?rest_route=\/wp\/v2\/posts\/7634","targetHints":{"allow":["GET"]}}],"collection":[{"href":"https:\/\/muzeum.ostroleka.pl\/index.php?rest_route=\/wp\/v2\/posts"}],"about":[{"href":"https:\/\/muzeum.ostroleka.pl\/index.php?rest_route=\/wp\/v2\/types\/post"}],"author":[{"embeddable":true,"href":"https:\/\/muzeum.ostroleka.pl\/index.php?rest_route=\/wp\/v2\/users\/3"}],"replies":[{"embeddable":true,"href":"https:\/\/muzeum.ostroleka.pl\/index.php?rest_route=%2Fwp%2Fv2%2Fcomments&post=7634"}],"version-history":[{"count":3,"href":"https:\/\/muzeum.ostroleka.pl\/index.php?rest_route=\/wp\/v2\/posts\/7634\/revisions"}],"predecessor-version":[{"id":7639,"href":"https:\/\/muzeum.ostroleka.pl\/index.php?rest_route=\/wp\/v2\/posts\/7634\/revisions\/7639"}],"wp:featuredmedia":[{"embeddable":true,"href":"https:\/\/muzeum.ostroleka.pl\/index.php?rest_route=\/wp\/v2\/media\/7625"}],"wp:attachment":[{"href":"https:\/\/muzeum.ostroleka.pl\/index.php?rest_route=%2Fwp%2Fv2%2Fmedia&parent=7634"}],"wp:term":[{"taxonomy":"category","embeddable":true,"href":"https:\/\/muzeum.ostroleka.pl\/index.php?rest_route=%2Fwp%2Fv2%2Fcategories&post=7634"},{"taxonomy":"post_tag","embeddable":true,"href":"https:\/\/muzeum.ostroleka.pl\/index.php?rest_route=%2Fwp%2Fv2%2Ftags&post=7634"}],"curies":[{"name":"wp","href":"https:\/\/api.w.org\/{rel}","templated":true}]}}