{"id":7643,"date":"2021-07-21T16:17:46","date_gmt":"2021-07-21T15:17:46","guid":{"rendered":"https:\/\/muzeum.ostroleka.pl\/?p=7643"},"modified":"2021-07-21T16:17:46","modified_gmt":"2021-07-21T15:17:46","slug":"kamper-moda-na-mazowsze-dotarl-muzeum-kultury-kurpiowskiej","status":"publish","type":"post","link":"https:\/\/muzeum.ostroleka.pl\/?p=7643","title":{"rendered":"Kamper \u201eModa Na Mazowsze\u201d dotar\u0142 Muzeum Kultury Kurpiowskiej"},"content":{"rendered":"<p style=\"text-align: justify;\">Dzisiaj w ramach akcji #KamperemPoMazowszu odwiedzi\u0142a nas ekipa \u201eModa na Mazowsze\u201d. Tw\u00f3rcy przemierzaj\u0105 tysi\u0105ce kilometr\u00f3w po regionie, docieraj\u0105c do atrakcji turystycznych i wydarze\u0144.<br \/>\nNasi go\u015bcie odwiedzili g\u0142\u00f3wny budynek Muzeum Kultury Kurpiowskiej w Ostro\u0142\u0119ce, w Pomnik Mauzoleum \u017co\u0142nierzy poleg\u0142ych w bitwie pod Ostro\u0142\u0119k\u0105 26 maja 1831 roku oraz Zagrod\u0119 Kurpiowsk\u0105 w Kadzidle.<\/p>\n<p style=\"text-align: justify;\">Serdecznie dzi\u0119kujemy za przemi\u0142\u0105 wizyt\u0119.<\/p>\nngg_shortcode_0_placeholder\n","protected":false},"excerpt":{"rendered":"<p>Dzisiaj w ramach akcji #KamperemPoMazowszu odwiedzi\u0142a nas ekipa \u201eModa na Mazowsze\u201d. Tw\u00f3rcy przemierzaj\u0105 tysi\u0105ce kilometr\u00f3w po regionie, docieraj\u0105c do atrakcji turystycznych i wydarze\u0144. Nasi go\u015bcie odwiedzili g\u0142\u00f3wny budynek Muzeum Kultury Kurpiowskiej w Ostro\u0142\u0119ce, w Pomnik Mauzoleum \u017co\u0142nierzy poleg\u0142ych w bitwie pod Ostro\u0142\u0119k\u0105 26 maja 1831 roku oraz Zagrod\u0119 Kurpiowsk\u0105 w Kadzidle. Serdecznie dzi\u0119kujemy za przemi\u0142\u0105 [&hellip;]<\/p>\n","protected":false},"author":3,"featured_media":7667,"comment_status":"closed","ping_status":"closed","sticky":false,"template":"","format":"standard","meta":{"_acf_changed":false,"_lmt_disableupdate":"","_lmt_disable":"","_monsterinsights_skip_tracking":false,"_monsterinsights_sitenote_active":false,"_monsterinsights_sitenote_note":"","_monsterinsights_sitenote_category":0,"ngg_post_thumbnail":0,"footnotes":""},"categories":[3],"tags":[],"class_list":["post-7643","post","type-post","status-publish","format-standard","has-post-thumbnail","hentry","category-aktualnosci"],"acf":[],"modified_by":"Daniel Go\u0142a\u015b","_links":{"self":[{"href":"https:\/\/muzeum.ostroleka.pl\/index.php?rest_route=\/wp\/v2\/posts\/7643","targetHints":{"allow":["GET"]}}],"collection":[{"href":"https:\/\/muzeum.ostroleka.pl\/index.php?rest_route=\/wp\/v2\/posts"}],"about":[{"href":"https:\/\/muzeum.ostroleka.pl\/index.php?rest_route=\/wp\/v2\/types\/post"}],"author":[{"embeddable":true,"href":"https:\/\/muzeum.ostroleka.pl\/index.php?rest_route=\/wp\/v2\/users\/3"}],"replies":[{"embeddable":true,"href":"https:\/\/muzeum.ostroleka.pl\/index.php?rest_route=%2Fwp%2Fv2%2Fcomments&post=7643"}],"version-history":[{"count":1,"href":"https:\/\/muzeum.ostroleka.pl\/index.php?rest_route=\/wp\/v2\/posts\/7643\/revisions"}],"predecessor-version":[{"id":7668,"href":"https:\/\/muzeum.ostroleka.pl\/index.php?rest_route=\/wp\/v2\/posts\/7643\/revisions\/7668"}],"wp:featuredmedia":[{"embeddable":true,"href":"https:\/\/muzeum.ostroleka.pl\/index.php?rest_route=\/wp\/v2\/media\/7667"}],"wp:attachment":[{"href":"https:\/\/muzeum.ostroleka.pl\/index.php?rest_route=%2Fwp%2Fv2%2Fmedia&parent=7643"}],"wp:term":[{"taxonomy":"category","embeddable":true,"href":"https:\/\/muzeum.ostroleka.pl\/index.php?rest_route=%2Fwp%2Fv2%2Fcategories&post=7643"},{"taxonomy":"post_tag","embeddable":true,"href":"https:\/\/muzeum.ostroleka.pl\/index.php?rest_route=%2Fwp%2Fv2%2Ftags&post=7643"}],"curies":[{"name":"wp","href":"https:\/\/api.w.org\/{rel}","templated":true}]}}