{"id":7822,"date":"2021-08-02T14:57:43","date_gmt":"2021-08-02T13:57:43","guid":{"rendered":"https:\/\/muzeum.ostroleka.pl\/?p=7822"},"modified":"2021-08-02T15:05:12","modified_gmt":"2021-08-02T14:05:12","slug":"prezentacja-wystawy-przybyli-ulani-do-ostroleki","status":"publish","type":"post","link":"https:\/\/muzeum.ostroleka.pl\/?p=7822","title":{"rendered":"Prezentacja obiekt\u00f3w na wystawie \u201ePrzybyli u\u0142ani do Ostro\u0142\u0119ki\u201d"},"content":{"rendered":"<p style=\"text-align: justify;\">Na wystawie &#8222;Przybyli u\u0142ani do Ostro\u0142\u0119ki&#8221; prezentujemy m.in. obiekty ze zbior\u00f3w kolekcjoner\u00f3w ostro\u0142\u0119ckich. Jeden z nich, pan Leszek Radwa\u0144ski opowiada o tym co go\u015bcie odwiedzaj\u0105cy Muzeum Kultury Kurpiowskiej mog\u0105 obejrze\u0107 na tej ekspozycji.<\/p>\n<p>&nbsp;<\/p>\n<p>&nbsp;<\/p>\n<p>Zapraszamy do obejrzenia:<\/p>\n<p><iframe loading=\"lazy\" title=\"Prezentacja obiekt\u00f3w na wystawie \u201ePrzybyli u\u0142ani do Ostro\u0142\u0119ki\u201d\" width=\"500\" height=\"281\" src=\"https:\/\/www.youtube.com\/embed\/vzAZz1eMWZg?feature=oembed\" frameborder=\"0\" allow=\"accelerometer; autoplay; clipboard-write; encrypted-media; gyroscope; picture-in-picture; web-share\" referrerpolicy=\"strict-origin-when-cross-origin\" allowfullscreen><\/iframe><\/p>\n","protected":false},"excerpt":{"rendered":"<p>Na wystawie &#8222;Przybyli u\u0142ani do Ostro\u0142\u0119ki&#8221; prezentujemy m.in. obiekty ze zbior\u00f3w kolekcjoner\u00f3w ostro\u0142\u0119ckich. Jeden z nich, pan Leszek Radwa\u0144ski opowiada o tym co go\u015bcie odwiedzaj\u0105cy Muzeum Kultury Kurpiowskiej mog\u0105 obejrze\u0107 na tej ekspozycji. &nbsp; &nbsp; Zapraszamy do obejrzenia:<\/p>\n","protected":false},"author":3,"featured_media":7823,"comment_status":"closed","ping_status":"closed","sticky":false,"template":"","format":"standard","meta":{"_acf_changed":false,"_lmt_disableupdate":"","_lmt_disable":"","_monsterinsights_skip_tracking":false,"_monsterinsights_sitenote_active":false,"_monsterinsights_sitenote_note":"","_monsterinsights_sitenote_category":0,"ngg_post_thumbnail":0,"footnotes":""},"categories":[3],"tags":[],"class_list":["post-7822","post","type-post","status-publish","format-standard","has-post-thumbnail","hentry","category-aktualnosci"],"acf":[],"modified_by":"Daniel Go\u0142a\u015b","_links":{"self":[{"href":"https:\/\/muzeum.ostroleka.pl\/index.php?rest_route=\/wp\/v2\/posts\/7822","targetHints":{"allow":["GET"]}}],"collection":[{"href":"https:\/\/muzeum.ostroleka.pl\/index.php?rest_route=\/wp\/v2\/posts"}],"about":[{"href":"https:\/\/muzeum.ostroleka.pl\/index.php?rest_route=\/wp\/v2\/types\/post"}],"author":[{"embeddable":true,"href":"https:\/\/muzeum.ostroleka.pl\/index.php?rest_route=\/wp\/v2\/users\/3"}],"replies":[{"embeddable":true,"href":"https:\/\/muzeum.ostroleka.pl\/index.php?rest_route=%2Fwp%2Fv2%2Fcomments&post=7822"}],"version-history":[{"count":6,"href":"https:\/\/muzeum.ostroleka.pl\/index.php?rest_route=\/wp\/v2\/posts\/7822\/revisions"}],"predecessor-version":[{"id":7829,"href":"https:\/\/muzeum.ostroleka.pl\/index.php?rest_route=\/wp\/v2\/posts\/7822\/revisions\/7829"}],"wp:featuredmedia":[{"embeddable":true,"href":"https:\/\/muzeum.ostroleka.pl\/index.php?rest_route=\/wp\/v2\/media\/7823"}],"wp:attachment":[{"href":"https:\/\/muzeum.ostroleka.pl\/index.php?rest_route=%2Fwp%2Fv2%2Fmedia&parent=7822"}],"wp:term":[{"taxonomy":"category","embeddable":true,"href":"https:\/\/muzeum.ostroleka.pl\/index.php?rest_route=%2Fwp%2Fv2%2Fcategories&post=7822"},{"taxonomy":"post_tag","embeddable":true,"href":"https:\/\/muzeum.ostroleka.pl\/index.php?rest_route=%2Fwp%2Fv2%2Ftags&post=7822"}],"curies":[{"name":"wp","href":"https:\/\/api.w.org\/{rel}","templated":true}]}}