{"id":7845,"date":"2021-08-17T13:00:00","date_gmt":"2021-08-17T12:00:00","guid":{"rendered":"https:\/\/muzeum.ostroleka.pl\/?p=7845"},"modified":"2021-08-19T14:19:45","modified_gmt":"2021-08-19T13:19:45","slug":"dionizje-2021","status":"publish","type":"post","link":"https:\/\/muzeum.ostroleka.pl\/?p=7845","title":{"rendered":"Festiwal Literacki Dionizje 2021"},"content":{"rendered":"<p style=\"text-align: justify;\">Muzeum Kultury Kurpiowskiej w Ostro\u0142\u0119ce, Miejska Biblioteka Publiczna w Ostro\u0142\u0119ce i Stowarzyszenie Przyjaci\u00f3\u0142 Bibliotek i Ksi\u0105\u017cki w Ostro\u0142\u0119ce zapraszaj\u0105 do udzia\u0142u w wydarzeniach zwi\u0105zanych z obchodami 90. rocznicy urodzin Dionizego Maliszewskiego.<\/p>\n<p>&nbsp;<\/p>\n<p style=\"text-align: center;\"><span style=\"font-family: 'arial black', sans-serif;\"><strong><span style=\"font-size: 24pt;\">Dionizje 2021<\/span><\/strong><\/span><\/p>\n<p style=\"text-align: center;\"><span style=\"font-family: 'arial black', sans-serif;\"><strong><span style=\"font-size: 24pt;\">Festiwal Literacki<\/span><\/strong><\/span><\/p>\n<p style=\"text-align: center;\"><span style=\"font-size: 18pt;\">20 sierpnia\u20137 wrze\u015bnia<\/span><\/p>\n<p>&nbsp;<\/p>\n<p><span style=\"font-size: 18pt;\">20 sierpnia (pi\u0105tek) godz. 18.00<br \/>\n<\/span>Czytelnia MBP, I pi\u0119tro:<br \/>\n<span style=\"font-size: 12pt;\"><strong>Wiecz\u00f3r Literacki<\/strong><\/span><\/p>\n<ul>\n<li>Uroczyste Podsumowanie XXIX Ostro\u0142\u0119ckiego Konkursu literackiego im. Dionizego Maliszewskiego.<\/li>\n<li>Autoprezentacje literackie laureat\u00f3w.<\/li>\n<li>Prezentacja ksi\u0105\u017cki Dionizego Maliszewskiego \u201ePrzed wyrokiem\u201d<em>.<\/em><\/li>\n<\/ul>\n<p>&nbsp;<\/p>\n<p><span style=\"font-size: 18pt;\">5 wrze\u015bnia (niedziela), od godz. 13.00<br \/>\n<\/span><span style=\"font-size: 12pt;\"><strong>Piknik Literacki Imieniny Dionizego<\/strong><\/span><\/p>\n<ul>\n<li>Forty J. Bema (muzyka, g\u0142o\u015bne czytanie, gry i zabawy, kiermasze i warsztaty, ognisko).<\/li>\n<\/ul>\n<p>&nbsp;<\/p>\n<p><span style=\"font-size: 18pt;\">7 wrze\u015bnia (wtorek) godz. 18.00<br \/>\n<\/span>Czytelnia MBP, I pi\u0119tro<\/p>\n<ul>\n<li>Debata literacka: Wi\u0119c z tego pejza\u017cu jestem \u2026 Dionizy Maliszewski i regionalizm.<em><br \/>\n<\/em>Prowadz\u0105cy: dr hab. Karol Samsel, dr Jerzy Kijowski, mgr Joanna Zy\u015bk.<\/li>\n<\/ul>\n<p>&nbsp;<\/p>\n<p><span style=\"font-size: 18pt;\">Ponadto:<\/span><\/p>\n<ul>\n<li>Warsztaty literackie w dn. 20\u201322 sierpnia.<\/li>\n<li>Wystawa pt. Dionizy Maliszewski. Wpisany w cisz\u0119 przemijania. Muzeum Kultury Kurpiowskiej w Ostro\u0142\u0119ce, plac gen. J. Bema 8 \u2013 od 22 sierpnia.<\/li>\n<li>Premiera ksi\u0105\u017cki Dionizego Maliszewskiego \u201ePrzed wyrokiem\u201d (redakcja i edycja dr hab. Karol Samsel).<\/li>\n<\/ul>\n<p>&nbsp;<\/p>\nngg_shortcode_0_placeholder\n","protected":false},"excerpt":{"rendered":"<p>Muzeum Kultury Kurpiowskiej w Ostro\u0142\u0119ce, Miejska Biblioteka Publiczna w Ostro\u0142\u0119ce i Stowarzyszenie Przyjaci\u00f3\u0142 Bibliotek i Ksi\u0105\u017cki w Ostro\u0142\u0119ce zapraszaj\u0105 do udzia\u0142u w wydarzeniach zwi\u0105zanych z obchodami 90. rocznicy urodzin Dionizego Maliszewskiego. &nbsp; Dionizje 2021 Festiwal Literacki 20 sierpnia\u20137 wrze\u015bnia &nbsp; 20 sierpnia (pi\u0105tek) godz. 18.00 Czytelnia MBP, I pi\u0119tro: Wiecz\u00f3r Literacki Uroczyste Podsumowanie XXIX Ostro\u0142\u0119ckiego [&hellip;]<\/p>\n","protected":false},"author":3,"featured_media":7849,"comment_status":"closed","ping_status":"closed","sticky":false,"template":"","format":"standard","meta":{"_acf_changed":false,"_lmt_disableupdate":"","_lmt_disable":"","_monsterinsights_skip_tracking":false,"_monsterinsights_sitenote_active":false,"_monsterinsights_sitenote_note":"","_monsterinsights_sitenote_category":0,"ngg_post_thumbnail":0,"footnotes":""},"categories":[3],"tags":[],"class_list":["post-7845","post","type-post","status-publish","format-standard","has-post-thumbnail","hentry","category-aktualnosci"],"acf":[],"modified_by":"Daniel Go\u0142a\u015b","_links":{"self":[{"href":"https:\/\/muzeum.ostroleka.pl\/index.php?rest_route=\/wp\/v2\/posts\/7845","targetHints":{"allow":["GET"]}}],"collection":[{"href":"https:\/\/muzeum.ostroleka.pl\/index.php?rest_route=\/wp\/v2\/posts"}],"about":[{"href":"https:\/\/muzeum.ostroleka.pl\/index.php?rest_route=\/wp\/v2\/types\/post"}],"author":[{"embeddable":true,"href":"https:\/\/muzeum.ostroleka.pl\/index.php?rest_route=\/wp\/v2\/users\/3"}],"replies":[{"embeddable":true,"href":"https:\/\/muzeum.ostroleka.pl\/index.php?rest_route=%2Fwp%2Fv2%2Fcomments&post=7845"}],"version-history":[{"count":10,"href":"https:\/\/muzeum.ostroleka.pl\/index.php?rest_route=\/wp\/v2\/posts\/7845\/revisions"}],"predecessor-version":[{"id":7888,"href":"https:\/\/muzeum.ostroleka.pl\/index.php?rest_route=\/wp\/v2\/posts\/7845\/revisions\/7888"}],"wp:featuredmedia":[{"embeddable":true,"href":"https:\/\/muzeum.ostroleka.pl\/index.php?rest_route=\/wp\/v2\/media\/7849"}],"wp:attachment":[{"href":"https:\/\/muzeum.ostroleka.pl\/index.php?rest_route=%2Fwp%2Fv2%2Fmedia&parent=7845"}],"wp:term":[{"taxonomy":"category","embeddable":true,"href":"https:\/\/muzeum.ostroleka.pl\/index.php?rest_route=%2Fwp%2Fv2%2Fcategories&post=7845"},{"taxonomy":"post_tag","embeddable":true,"href":"https:\/\/muzeum.ostroleka.pl\/index.php?rest_route=%2Fwp%2Fv2%2Ftags&post=7845"}],"curies":[{"name":"wp","href":"https:\/\/api.w.org\/{rel}","templated":true}]}}