{"id":7873,"date":"2021-08-18T14:22:50","date_gmt":"2021-08-18T13:22:50","guid":{"rendered":"https:\/\/muzeum.ostroleka.pl\/?p=7873"},"modified":"2021-08-18T14:23:02","modified_gmt":"2021-08-18T13:23:02","slug":"realizacja-nagrania-na-muzealnych-wystawach","status":"publish","type":"post","link":"https:\/\/muzeum.ostroleka.pl\/?p=7873","title":{"rendered":"Realizacja nagrania na muzealnych wystawach"},"content":{"rendered":"<p>Wczoraj Muzeum Kultury Kurpiowskiej w Ostro\u0142\u0119ce odwiedzi\u0142a ekipa filmowa przygotowuj\u0105c\u0105 materia\u0142 promocyjny w ramach kampanii \u201eOdpocznij na Mazowszu\u201d. Nasi go\u015bcie odwiedzili Pomnik Mauzoleum, a nast\u0119pnie wystawy w g\u0142\u00f3wnym budynku Muzeum.<\/p>\n<p><!--more--><\/p>\n<p>&nbsp;<\/p>\nngg_shortcode_0_placeholder\n","protected":false},"excerpt":{"rendered":"<p>Wczoraj Muzeum Kultury Kurpiowskiej w Ostro\u0142\u0119ce odwiedzi\u0142a ekipa filmowa przygotowuj\u0105c\u0105 materia\u0142 promocyjny w ramach kampanii \u201eOdpocznij na Mazowszu\u201d. Nasi go\u015bcie odwiedzili Pomnik Mauzoleum, a nast\u0119pnie wystawy w g\u0142\u00f3wnym budynku Muzeum.<\/p>\n","protected":false},"author":3,"featured_media":7882,"comment_status":"closed","ping_status":"closed","sticky":false,"template":"","format":"standard","meta":{"_acf_changed":false,"_lmt_disableupdate":"","_lmt_disable":"","_monsterinsights_skip_tracking":false,"_monsterinsights_sitenote_active":false,"_monsterinsights_sitenote_note":"","_monsterinsights_sitenote_category":0,"ngg_post_thumbnail":0,"footnotes":""},"categories":[3],"tags":[],"class_list":["post-7873","post","type-post","status-publish","format-standard","has-post-thumbnail","hentry","category-aktualnosci"],"acf":[],"modified_by":"Daniel Go\u0142a\u015b","_links":{"self":[{"href":"https:\/\/muzeum.ostroleka.pl\/index.php?rest_route=\/wp\/v2\/posts\/7873","targetHints":{"allow":["GET"]}}],"collection":[{"href":"https:\/\/muzeum.ostroleka.pl\/index.php?rest_route=\/wp\/v2\/posts"}],"about":[{"href":"https:\/\/muzeum.ostroleka.pl\/index.php?rest_route=\/wp\/v2\/types\/post"}],"author":[{"embeddable":true,"href":"https:\/\/muzeum.ostroleka.pl\/index.php?rest_route=\/wp\/v2\/users\/3"}],"replies":[{"embeddable":true,"href":"https:\/\/muzeum.ostroleka.pl\/index.php?rest_route=%2Fwp%2Fv2%2Fcomments&post=7873"}],"version-history":[{"count":2,"href":"https:\/\/muzeum.ostroleka.pl\/index.php?rest_route=\/wp\/v2\/posts\/7873\/revisions"}],"predecessor-version":[{"id":7884,"href":"https:\/\/muzeum.ostroleka.pl\/index.php?rest_route=\/wp\/v2\/posts\/7873\/revisions\/7884"}],"wp:featuredmedia":[{"embeddable":true,"href":"https:\/\/muzeum.ostroleka.pl\/index.php?rest_route=\/wp\/v2\/media\/7882"}],"wp:attachment":[{"href":"https:\/\/muzeum.ostroleka.pl\/index.php?rest_route=%2Fwp%2Fv2%2Fmedia&parent=7873"}],"wp:term":[{"taxonomy":"category","embeddable":true,"href":"https:\/\/muzeum.ostroleka.pl\/index.php?rest_route=%2Fwp%2Fv2%2Fcategories&post=7873"},{"taxonomy":"post_tag","embeddable":true,"href":"https:\/\/muzeum.ostroleka.pl\/index.php?rest_route=%2Fwp%2Fv2%2Ftags&post=7873"}],"curies":[{"name":"wp","href":"https:\/\/api.w.org\/{rel}","templated":true}]}}