{"id":7909,"date":"2021-08-23T09:46:28","date_gmt":"2021-08-23T08:46:28","guid":{"rendered":"https:\/\/muzeum.ostroleka.pl\/?p=7909"},"modified":"2021-09-16T20:02:00","modified_gmt":"2021-09-16T19:02:00","slug":"z-mala-walizka-w-dawny-swiat-ulani-od-kuchni-2","status":"publish","type":"post","link":"https:\/\/muzeum.ostroleka.pl\/?p=7909","title":{"rendered":"Z ma\u0142\u0105 walizk\u0105 w dawny \u015bwiat. U\u0142ani od kuchni"},"content":{"rendered":"<p style=\"text-align: justify;\">Szanowni Pa\u0144stwo,<\/p>\n<p style=\"text-align: justify;\">serdecznie zapraszamy do wzi\u0119cia udzia\u0142u w kolejnym rodzinnym pikniku edukacyjnym, kt\u00f3ry tym razem przeniesie uczestnik\u00f3w&#8230; w czasie! Piknik odb\u0119dzie si\u0119 19 wrze\u015bnia 2021 r. (niedziela) w godz. 12.00\u201319.00 na ostro\u0142\u0119ckich Fortach Bema.<\/p>\n<p style=\"text-align: justify;\">\u201eZ ma\u0142\u0105 walizk\u0105 w dawny \u015bwiat. U\u0142ani od kuchni\u201d to impreza plenerowa przywo\u0142uj\u0105ca pami\u0119\u0107 5 Pu\u0142ku U\u0142an\u00f3w Zas\u0142awskich, kt\u00f3ry 100 lat temu przyby\u0142 do Ostro\u0142\u0119ki ws\u0142awiony bohatersk\u0105 postaw\u0105 w czasie wojny z bolszewikami 1920 r. Stanowi\u0142 chlub\u0119 i pow\u00f3d do dumy mieszka\u0144c\u00f3w przedwojennej Ostro\u0142\u0119ki, kt\u00f3rzy darzyli \u201eswoich\u201d u\u0142an\u00f3w wielk\u0105 mi\u0142o\u015bci\u0105.<\/p>\n<p style=\"text-align: justify;\">Podczas naszego pikniku wyruszymy z ma\u0142\u0105 walizk\u0105 w dalek\u0105 przesz\u0142o\u015b\u0107, by pozna\u0107 u\u0142an\u00f3w z bliska: ich \u017cycie codzienne, zaj\u0119cia, umiej\u0119tno\u015bci, umundurowanie, uzbrojenie. Na pewno nie zabraknie te\u017c przystanku w stadninie, by pozna\u0107 najwierniejszego przyjaciela ka\u017cdego kawalerzysty. Pu\u0142k, kt\u00f3rego korzenie si\u0119gaj\u0105 powstania listopadowego i kt\u00f3ry walczy\u0142 pod Ostro\u0142\u0119ka w 1831 r. przyby\u0142 do pocarskich koszar w Wojciechowicach 26 maja 1921 \u2013 r\u00f3wno 90 lat po s\u0142ynnej bitwie.<\/p>\n<p>Wydarzenie organizowane jest w ramach Europejskich Dni Dziedzictwa, kt\u00f3re w tym roku odbywaj\u0105 si\u0119 pod has\u0142em \u201eSmaki Dziedzictwa\u201d (<a href=\"https:\/\/edd.nid.pl\/wydarzenia\/rodzinny-piknik-edukacyjny-z-mala-walizka-w-dawny-swiat-ulani-od-kuchni\/\">https:\/\/edd.nid.pl\/wydarzenia\/rodzinny-piknik-edukacyjny-z-mala-walizka-w-dawny-swiat-ulani-od-kuchni\/<\/a>).<\/p>\n<p>&nbsp;<\/p>\n<p>Uwaga!<br \/>\nIlo\u015b\u0107 miejsc ograniczona. Obowi\u0105zuj\u0105 zapisy pod numerem tel. 29 764 54 43, wew. 43.<\/p>\n<p>&nbsp;<\/p>\n<p>Miejsce: Forty Bema przy ul. Warszawskiej 2A w Ostro\u0142\u0119ce.<br \/>\nTermin: 19 wrze\u015bnia 2021 r.<br \/>\nGodziny wej\u015b\u0107: 12.00\u201314.30 oraz 15.00\u201318.20.<br \/>\nWst\u0119p wolny!<\/p>\n","protected":false},"excerpt":{"rendered":"<p>Szanowni Pa\u0144stwo, serdecznie zapraszamy do wzi\u0119cia udzia\u0142u w kolejnym rodzinnym pikniku edukacyjnym, kt\u00f3ry tym razem przeniesie uczestnik\u00f3w&#8230; w czasie! Piknik odb\u0119dzie si\u0119 19 wrze\u015bnia 2021 r. (niedziela) w godz. 12.00\u201319.00 na ostro\u0142\u0119ckich Fortach Bema. \u201eZ ma\u0142\u0105 walizk\u0105 w dawny \u015bwiat. U\u0142ani od kuchni\u201d to impreza plenerowa przywo\u0142uj\u0105ca pami\u0119\u0107 5 Pu\u0142ku U\u0142an\u00f3w Zas\u0142awskich, kt\u00f3ry 100 lat [&hellip;]<\/p>\n","protected":false},"author":3,"featured_media":8266,"comment_status":"closed","ping_status":"closed","sticky":false,"template":"","format":"standard","meta":{"_acf_changed":false,"_lmt_disableupdate":"","_lmt_disable":"","_monsterinsights_skip_tracking":false,"_monsterinsights_sitenote_active":false,"_monsterinsights_sitenote_note":"","_monsterinsights_sitenote_category":0,"ngg_post_thumbnail":0,"footnotes":""},"categories":[3],"tags":[],"class_list":["post-7909","post","type-post","status-publish","format-standard","has-post-thumbnail","hentry","category-aktualnosci"],"acf":[],"modified_by":"Daniel Go\u0142a\u015b","_links":{"self":[{"href":"https:\/\/muzeum.ostroleka.pl\/index.php?rest_route=\/wp\/v2\/posts\/7909","targetHints":{"allow":["GET"]}}],"collection":[{"href":"https:\/\/muzeum.ostroleka.pl\/index.php?rest_route=\/wp\/v2\/posts"}],"about":[{"href":"https:\/\/muzeum.ostroleka.pl\/index.php?rest_route=\/wp\/v2\/types\/post"}],"author":[{"embeddable":true,"href":"https:\/\/muzeum.ostroleka.pl\/index.php?rest_route=\/wp\/v2\/users\/3"}],"replies":[{"embeddable":true,"href":"https:\/\/muzeum.ostroleka.pl\/index.php?rest_route=%2Fwp%2Fv2%2Fcomments&post=7909"}],"version-history":[{"count":3,"href":"https:\/\/muzeum.ostroleka.pl\/index.php?rest_route=\/wp\/v2\/posts\/7909\/revisions"}],"predecessor-version":[{"id":7912,"href":"https:\/\/muzeum.ostroleka.pl\/index.php?rest_route=\/wp\/v2\/posts\/7909\/revisions\/7912"}],"wp:featuredmedia":[{"embeddable":true,"href":"https:\/\/muzeum.ostroleka.pl\/index.php?rest_route=\/wp\/v2\/media\/8266"}],"wp:attachment":[{"href":"https:\/\/muzeum.ostroleka.pl\/index.php?rest_route=%2Fwp%2Fv2%2Fmedia&parent=7909"}],"wp:term":[{"taxonomy":"category","embeddable":true,"href":"https:\/\/muzeum.ostroleka.pl\/index.php?rest_route=%2Fwp%2Fv2%2Fcategories&post=7909"},{"taxonomy":"post_tag","embeddable":true,"href":"https:\/\/muzeum.ostroleka.pl\/index.php?rest_route=%2Fwp%2Fv2%2Ftags&post=7909"}],"curies":[{"name":"wp","href":"https:\/\/api.w.org\/{rel}","templated":true}]}}