{"id":7913,"date":"2021-08-23T10:46:43","date_gmt":"2021-08-23T09:46:43","guid":{"rendered":"https:\/\/muzeum.ostroleka.pl\/?p=7913"},"modified":"2021-08-23T11:44:43","modified_gmt":"2021-08-23T10:44:43","slug":"w-muzealnej-pracowni-etnodizajnu-powstawaly-kurpiowskie-ptaki","status":"publish","type":"post","link":"https:\/\/muzeum.ostroleka.pl\/?p=7913","title":{"rendered":"W muzealnej pracowni etnodizajnu powstawa\u0142y kurpiowskie ptaki"},"content":{"rendered":"<p>Wczoraj (22.08.2021) uczestnicy tw\u00f3rczego spotkania \u201eEtnodizajn po kurpiowsku\u201d wykonywali z tkaniny i papieru zachwycaj\u0105ce kolorami gufrowane ptaki. Tego rodzaju ozdoby by\u0142y niegdy\u015b elementem wystroju kurpiowskch izb. Dzi\u015b z powodzeniem mog\u0105 stanowi\u0107 oryginaln\u0105 ozdob\u0119 wsp\u00f3\u0142czesnych wn\u0119trz.<\/p>\n<p>&nbsp;<\/p>\n<p>&nbsp;<\/p>\nngg_shortcode_0_placeholder\n","protected":false},"excerpt":{"rendered":"<p>Wczoraj (22.08.2021) uczestnicy tw\u00f3rczego spotkania \u201eEtnodizajn po kurpiowsku\u201d wykonywali z tkaniny i papieru zachwycaj\u0105ce kolorami gufrowane ptaki. Tego rodzaju ozdoby by\u0142y niegdy\u015b elementem wystroju kurpiowskch izb. Dzi\u015b z powodzeniem mog\u0105 stanowi\u0107 oryginaln\u0105 ozdob\u0119 wsp\u00f3\u0142czesnych wn\u0119trz. &nbsp; &nbsp;<\/p>\n","protected":false},"author":3,"featured_media":7930,"comment_status":"closed","ping_status":"closed","sticky":false,"template":"","format":"standard","meta":{"_acf_changed":false,"_lmt_disableupdate":"","_lmt_disable":"","_monsterinsights_skip_tracking":false,"_monsterinsights_sitenote_active":false,"_monsterinsights_sitenote_note":"","_monsterinsights_sitenote_category":0,"ngg_post_thumbnail":0,"footnotes":""},"categories":[3],"tags":[],"class_list":["post-7913","post","type-post","status-publish","format-standard","has-post-thumbnail","hentry","category-aktualnosci"],"acf":[],"modified_by":"Daniel Go\u0142a\u015b","_links":{"self":[{"href":"https:\/\/muzeum.ostroleka.pl\/index.php?rest_route=\/wp\/v2\/posts\/7913","targetHints":{"allow":["GET"]}}],"collection":[{"href":"https:\/\/muzeum.ostroleka.pl\/index.php?rest_route=\/wp\/v2\/posts"}],"about":[{"href":"https:\/\/muzeum.ostroleka.pl\/index.php?rest_route=\/wp\/v2\/types\/post"}],"author":[{"embeddable":true,"href":"https:\/\/muzeum.ostroleka.pl\/index.php?rest_route=\/wp\/v2\/users\/3"}],"replies":[{"embeddable":true,"href":"https:\/\/muzeum.ostroleka.pl\/index.php?rest_route=%2Fwp%2Fv2%2Fcomments&post=7913"}],"version-history":[{"count":3,"href":"https:\/\/muzeum.ostroleka.pl\/index.php?rest_route=\/wp\/v2\/posts\/7913\/revisions"}],"predecessor-version":[{"id":7931,"href":"https:\/\/muzeum.ostroleka.pl\/index.php?rest_route=\/wp\/v2\/posts\/7913\/revisions\/7931"}],"wp:featuredmedia":[{"embeddable":true,"href":"https:\/\/muzeum.ostroleka.pl\/index.php?rest_route=\/wp\/v2\/media\/7930"}],"wp:attachment":[{"href":"https:\/\/muzeum.ostroleka.pl\/index.php?rest_route=%2Fwp%2Fv2%2Fmedia&parent=7913"}],"wp:term":[{"taxonomy":"category","embeddable":true,"href":"https:\/\/muzeum.ostroleka.pl\/index.php?rest_route=%2Fwp%2Fv2%2Fcategories&post=7913"},{"taxonomy":"post_tag","embeddable":true,"href":"https:\/\/muzeum.ostroleka.pl\/index.php?rest_route=%2Fwp%2Fv2%2Ftags&post=7913"}],"curies":[{"name":"wp","href":"https:\/\/api.w.org\/{rel}","templated":true}]}}