{"id":7945,"date":"2021-08-23T14:28:33","date_gmt":"2021-08-23T13:28:33","guid":{"rendered":"https:\/\/muzeum.ostroleka.pl\/?p=7945"},"modified":"2021-08-30T08:13:27","modified_gmt":"2021-08-30T07:13:27","slug":"vi-festiwal-muzyczny-ostroleckie-operalia-2","status":"publish","type":"post","link":"https:\/\/muzeum.ostroleka.pl\/?p=7945","title":{"rendered":"VI Festiwal Muzyczny \u201eOstro\u0142\u0119ckie OPERALIA\u201d"},"content":{"rendered":"<p style=\"text-align: center;\"><span style=\"font-size: 18pt;\"><strong>27.08\u20135.09.2021 r.<\/strong><\/span><\/p>\n<p>&nbsp;<\/p>\n<p>W najbli\u017cszy <strong>pi\u0105tek, 27 sierpnia 2021 r. o godz. 19.30<\/strong> rozpocznie si\u0119 VI Festiwal Muzyczny \u201eOstro\u0142\u0119ckie OPERALIA\u201d. Koncert galowy \u201eWiede\u0144, Budapeszt i\u2026\u201d otwieraj\u0105cy Festiwal odb\u0119dzie si\u0119 na ostro\u0142\u0119ckich Fortach Bema.<\/p>\n<p>&nbsp;<\/p>\n<p><strong><span style=\"color: #0000ff; font-family: 'courier new', courier, monospace;\">\/Aktualizacja: UWAGA! w zwi\u0105zku z zapowiedzi\u0105 trudnych warunk\u00f3w pogodowych, koncert galowy \u201eWiede\u0144, Budapeszt i\u2026\u201d odb\u0119dzie si\u0119 w Hali Widowiskowo-Sportowej im. A. Go\u0142asia, przy ul. Traugutta 1 w Ostro\u0142\u0119ce. Termin pozostaje bez zmian\/<\/span><\/strong><\/p>\n<p>&nbsp;<\/p>\n<p>Organizatorzy zapowiadaj\u0105 wiecz\u00f3r pe\u0142en niespodzianek z udzia\u0142em gwiazd polskich i zagranicznych scen muzycznych. Widzowie us\u0142ysz\u0105 muzyk\u0119 m.in. Straussa, Lehara oraz zobacz\u0105 wyst\u0119p artyst\u00f3w operetki z Budapesztu.<\/p>\n<p>Wyst\u0105pi\u0105:<br \/>\nSoli\u015bci: Anna Lasota, \u0141ukasz Gaj, Jakub Milewski.<br \/>\nGo\u015bcie specjalni z W\u0119gierskiego Teatru Operetkowego: Barbara B\u00f3di, Szil\u00e1rd Kov\u00e1cs.<br \/>\nJoanna Ko\u0142aczkowska, Jakub Milewski \u2013 prowadzenie.<br \/>\nOrkiestra Festiwalowa pod dyrekcj\u0105 Mieczys\u0142awa Smydy.<\/p>\n<p>&nbsp;<\/p>\n<p>&nbsp;<\/p>\n<p><strong>28 sierpnia (sobota) o godz. 19.00<\/strong> w budynku g\u0142\u00f3wnym Muzeum Kultury Kurpiowskiej w Ostro\u0142\u0119ce przy placu gen. Bema 8 odb\u0119dzie si\u0119 koncert \u201ePreludia C. Debussy\u2019ego po\u015br\u00f3d g\u0142os\u00f3w z pustyni i w drodze z Damaszku\u201d.<\/p>\n<p>Podczas koncertu us\u0142ysz\u0105 Pa\u0144stwo wybrane preludia Claude Debussy\u2019ego w wykonaniu pianistki Marii Skurjat-Silva, kt\u00f3re \u2013 jak zapowiadaj\u0105 organizatorzy \u2013 fascynuj\u0105co wpl\u0105tane w tre\u015b\u0107 i sens poematu Jerzego Binkowskiego, czyni\u0105 spotkanie tajemniczym spektaklem poetyckiego s\u0142owa i muzyki, koncertu pe\u0142nego refleksji, m\u0119skich odkry\u0107 i g\u0142\u0119bokiej refleksji, oraz znakomitego poczucia humoru.<\/p>\n<p>Wyst\u0105pi\u0105:<br \/>\nMaria Skurjat-Silva \u2013 fortepian,<br \/>\nJerzy Binkowski \u2013 narracja.<\/p>\n<p>&nbsp;<\/p>\n<p>&nbsp;<\/p>\n<p><strong>29 sierpnia (niedziela) o godz. 19.00<\/strong> na scenie przy D. H. \u201eKupiec\u201d wybitni polscy arty\u015bci w ramach koncertu \u201eMuzyk\u0105 o mi\u0142o\u015bci\u201d, za pomoc\u0105 pi\u0119knych d\u017awi\u0119k\u00f3w, jak r\u00f3wnie\u017c tekst\u00f3w w wykonaniu znanej aktorki teatralnej i telewizyjnej Krystyny Tkacz \u201enamaluj\u0105\u201d najpi\u0119kniejsze obrazy o mi\u0142o\u015bci.<\/p>\n<p>Wyst\u0105pi\u0105:<br \/>\nSoli\u015bci: Renata Drozd, Sylwester Targosz-Szalonek, Jakub Milewski.<br \/>\nKrystyna Tkacz \u2013 narracja,<br \/>\nLudmi\u0142a Worobec-Witek \u2013 skrzypce,<br \/>\nArtur Jaro\u0144 \u2013 fortepian.<\/p>\n<p>&nbsp;<\/p>\n<p>&nbsp;<\/p>\n<p><strong>3 wrze\u015bnia (pi\u0105tek) o godz. 19.00<\/strong> na scenie przy D. H. \u201eKupiec\u201d odb\u0119dzie si\u0119 koncert familijny \u201e\u015awiat bajek i musicali\u201d.<\/p>\n<p>Tw\u00f3rcy chc\u0105 przypomnie\u0107 widzom czasy \u201eWieczorynki\u201d z ut\u0119sknieniem wyczekiwanej przez dzieci przed telewizorem. Zabior\u0105 uczestnik\u00f3w w przepi\u0119kn\u0105 podr\u00f3\u017c do \u015bwiata bajek i musicali. Widz\u00f3w przywitaj\u0105 wspaniali arty\u015bci zwi\u0105zani z najwi\u0119kszymi teatrami muzycznymi w Polsce, jak r\u00f3wnie\u017c dubbinguj\u0105cy postacie w polskich wersjach bajek Disneya.<\/p>\n<p>Wyst\u0105pi\u0105:<br \/>\nSoli\u015bci: Zofia Nowakowska, Marcin Jajkiewicz, Jakub Milewski.<br \/>\nFestiwalowy Zesp\u00f3\u0142 Muzyczny.<\/p>\n<p>&nbsp;<\/p>\n<p>&nbsp;<\/p>\n<p><strong>W sobot\u0119 4 wrze\u015bnia<\/strong> na \u201eWiecz\u00f3r z gwiazd\u0105\u201d organizatorzy zapraszaj\u0105 do Lelisa i Rzekunia:<br \/>\n<strong>godz. 17.00<\/strong> \u2013 Centrum Kultury Biblioteki i Sportu w Lelisie,<br \/>\n<strong>godz. 20:00<\/strong> \u2013 T\u0119\u017cnia w Rzekuniu.<\/p>\n<p>Podczas tego koncertu uczestnicy us\u0142ysz\u0105 kalejdoskop utwor\u00f3w muzycznych, zatem ka\u017cdy z pewno\u015bci\u0105 znajdzie co\u015b dla siebie.<\/p>\n<p>Przed Pa\u0144stwem wyst\u0105pi\u0105:<br \/>\nPaulina Janczak, Maciej Miecznikowski, Jakub Milewski.<br \/>\nPawe\u0142 Lipski \u2013 fortepian.<\/p>\n<p>&nbsp;<\/p>\n<p>&nbsp;<\/p>\n<p><strong>5 wrze\u015bnia (niedziela) o godz. 19.30<\/strong> w Hali Widowiskowo-Sportowej im. A. Go\u0142asia odb\u0119dzie si\u0119 koncertowa wersja operetki I. Kalmana \u201eKsi\u0119\u017cniczka Czardasza\u201d z udzia\u0142em solist\u00f3w i orkiestry symfonicznej.<\/p>\n<p>Wyst\u0105pi\u0105:<br \/>\nAleksandra Or\u0142owska, Anna Lasota, Rafa\u0142 Bartmi\u0144ski, Jakub Milewski, Dariusz Niebudek,<br \/>\nP\u0142ocka Orkiestra Symfoniczna pod dyrekcj\u0105 Maestro Rubena Silvy.<\/p>\n<p>Fina\u0142owo w tym roku organizatorzy zapraszaj\u0105 na spektakl w wersji koncertowej z udzia\u0142em solist\u00f3w, orkiestry symfonicznej i narratora. \u201eKsi\u0119\u017cniczka Czardasza\u201d to jeden z najwa\u017cniejszych i najgor\u0119tszych tytu\u0142\u00f3w na ca\u0142ym \u015bwiecie. Genialna muzyka i sama historia \u201eKsi\u0119\u017cniczki\u201d przyci\u0105ga t\u0142umy, kt\u00f3re opuszczaj\u0105 sal\u0119 nuc\u0105c fragmenty tego znakomitego dzie\u0142a. Tw\u00f3rcy wydarzenia zapowiadaj\u0105 du\u017co humoru, pi\u0119knej muzyki i wspania\u0142ych wykona\u0144 w gwiazdorskiej obsadzie.<\/p>\n<p>&nbsp;<\/p>\n<p><strong>Na wydarzenia w ramach Festiwalu wst\u0119p jest wolny.<\/strong><\/p>\n","protected":false},"excerpt":{"rendered":"<p>27.08\u20135.09.2021 r. &nbsp; W najbli\u017cszy pi\u0105tek, 27 sierpnia 2021 r. o godz. 19.30 rozpocznie si\u0119 VI Festiwal Muzyczny \u201eOstro\u0142\u0119ckie OPERALIA\u201d. Koncert galowy \u201eWiede\u0144, Budapeszt i\u2026\u201d otwieraj\u0105cy Festiwal odb\u0119dzie si\u0119 na ostro\u0142\u0119ckich Fortach Bema. &nbsp; \/Aktualizacja: UWAGA! w zwi\u0105zku z zapowiedzi\u0105 trudnych warunk\u00f3w pogodowych, koncert galowy \u201eWiede\u0144, Budapeszt i\u2026\u201d odb\u0119dzie si\u0119 w Hali Widowiskowo-Sportowej im. A. [&hellip;]<\/p>\n","protected":false},"author":3,"featured_media":7933,"comment_status":"closed","ping_status":"closed","sticky":false,"template":"","format":"standard","meta":{"_acf_changed":false,"_lmt_disableupdate":"","_lmt_disable":"","_monsterinsights_skip_tracking":false,"_monsterinsights_sitenote_active":false,"_monsterinsights_sitenote_note":"","_monsterinsights_sitenote_category":0,"ngg_post_thumbnail":0,"footnotes":""},"categories":[3],"tags":[],"class_list":["post-7945","post","type-post","status-publish","format-standard","has-post-thumbnail","hentry","category-aktualnosci"],"acf":[],"modified_by":"Daniel Go\u0142a\u015b","_links":{"self":[{"href":"https:\/\/muzeum.ostroleka.pl\/index.php?rest_route=\/wp\/v2\/posts\/7945","targetHints":{"allow":["GET"]}}],"collection":[{"href":"https:\/\/muzeum.ostroleka.pl\/index.php?rest_route=\/wp\/v2\/posts"}],"about":[{"href":"https:\/\/muzeum.ostroleka.pl\/index.php?rest_route=\/wp\/v2\/types\/post"}],"author":[{"embeddable":true,"href":"https:\/\/muzeum.ostroleka.pl\/index.php?rest_route=\/wp\/v2\/users\/3"}],"replies":[{"embeddable":true,"href":"https:\/\/muzeum.ostroleka.pl\/index.php?rest_route=%2Fwp%2Fv2%2Fcomments&post=7945"}],"version-history":[{"count":4,"href":"https:\/\/muzeum.ostroleka.pl\/index.php?rest_route=\/wp\/v2\/posts\/7945\/revisions"}],"predecessor-version":[{"id":8032,"href":"https:\/\/muzeum.ostroleka.pl\/index.php?rest_route=\/wp\/v2\/posts\/7945\/revisions\/8032"}],"wp:featuredmedia":[{"embeddable":true,"href":"https:\/\/muzeum.ostroleka.pl\/index.php?rest_route=\/wp\/v2\/media\/7933"}],"wp:attachment":[{"href":"https:\/\/muzeum.ostroleka.pl\/index.php?rest_route=%2Fwp%2Fv2%2Fmedia&parent=7945"}],"wp:term":[{"taxonomy":"category","embeddable":true,"href":"https:\/\/muzeum.ostroleka.pl\/index.php?rest_route=%2Fwp%2Fv2%2Fcategories&post=7945"},{"taxonomy":"post_tag","embeddable":true,"href":"https:\/\/muzeum.ostroleka.pl\/index.php?rest_route=%2Fwp%2Fv2%2Ftags&post=7945"}],"curies":[{"name":"wp","href":"https:\/\/api.w.org\/{rel}","templated":true}]}}