{"id":7951,"date":"2021-08-25T08:39:35","date_gmt":"2021-08-25T07:39:35","guid":{"rendered":"https:\/\/muzeum.ostroleka.pl\/?p=7951"},"modified":"2021-08-25T08:40:11","modified_gmt":"2021-08-25T07:40:11","slug":"filcowe-cudenka-juz-w-niedziele","status":"publish","type":"post","link":"https:\/\/muzeum.ostroleka.pl\/?p=7951","title":{"rendered":"\u201eFilcowe cude\u0144ka\u201d ju\u017c w niedziel\u0119"},"content":{"rendered":"<p style=\"text-align: justify;\">Drodzy Pa\u0144stwo,<br \/>\nprzed nami ostatnie w tym roku tw\u00f3rcze spotkanie wakacyjne z cyklu \u201eEtnodizajn po kurpiowsku\u201d. Zapraszamy Pa\u0144stwa do naszej pracowni w najbli\u017csz\u0105 niedziel\u0119 29 sierpnia 2021. Wsp\u00f3lnie stworzymy \u201eFilcowe cude\u0144ka\u201d, kt\u00f3rych nie mo\u017ce zabrakn\u0105\u0107 w \u017cadnym domu. Tym razem wykonamy inspirowane wycinank\u0105 kurpiowsk\u0105 podk\u0142adki pod kubki z kolorowego filcu.<\/p>\n<p>&nbsp;<\/p>\n<p>Zaj\u0119cia odb\u0119d\u0105 si\u0119 w dw\u00f3ch grupach:<br \/>\nI grupa w godz. 10.30\u201312.30,<br \/>\nII grupa w godz. 13.00\u201315.00.<\/p>\n<p>&nbsp;<\/p>\n<p>Uwaga!<br \/>\n\u25aa Ilo\u015b\u0107 miejsc ograniczona. Obowi\u0105zuj\u0105 zapisy pod numerem tel. 29 764 54 43, wew. 43.<br \/>\n\u25aa Cena: 10 z\u0142 od osoby.<br \/>\n\u25aa Miejsce: Muzeum Kultury Kurpiowskiej w Ostro\u0142\u0119ce, przy placu gen. J. Bema 8.<\/p>\n<p>&nbsp;<\/p>\n<p>Serdecznie zapraszamy!<\/p>\n<p>&nbsp;<\/p>\nngg_shortcode_0_placeholder\n","protected":false},"excerpt":{"rendered":"<p>Drodzy Pa\u0144stwo, przed nami ostatnie w tym roku tw\u00f3rcze spotkanie wakacyjne z cyklu \u201eEtnodizajn po kurpiowsku\u201d. Zapraszamy Pa\u0144stwa do naszej pracowni w najbli\u017csz\u0105 niedziel\u0119 29 sierpnia 2021. Wsp\u00f3lnie stworzymy \u201eFilcowe cude\u0144ka\u201d, kt\u00f3rych nie mo\u017ce zabrakn\u0105\u0107 w \u017cadnym domu. Tym razem wykonamy inspirowane wycinank\u0105 kurpiowsk\u0105 podk\u0142adki pod kubki z kolorowego filcu. &nbsp; Zaj\u0119cia odb\u0119d\u0105 si\u0119 w [&hellip;]<\/p>\n","protected":false},"author":3,"featured_media":7952,"comment_status":"closed","ping_status":"closed","sticky":false,"template":"","format":"standard","meta":{"_acf_changed":false,"_lmt_disableupdate":"","_lmt_disable":"","_monsterinsights_skip_tracking":false,"_monsterinsights_sitenote_active":false,"_monsterinsights_sitenote_note":"","_monsterinsights_sitenote_category":0,"ngg_post_thumbnail":0,"footnotes":""},"categories":[3],"tags":[],"class_list":["post-7951","post","type-post","status-publish","format-standard","has-post-thumbnail","hentry","category-aktualnosci"],"acf":[],"modified_by":"Daniel Go\u0142a\u015b","_links":{"self":[{"href":"https:\/\/muzeum.ostroleka.pl\/index.php?rest_route=\/wp\/v2\/posts\/7951","targetHints":{"allow":["GET"]}}],"collection":[{"href":"https:\/\/muzeum.ostroleka.pl\/index.php?rest_route=\/wp\/v2\/posts"}],"about":[{"href":"https:\/\/muzeum.ostroleka.pl\/index.php?rest_route=\/wp\/v2\/types\/post"}],"author":[{"embeddable":true,"href":"https:\/\/muzeum.ostroleka.pl\/index.php?rest_route=\/wp\/v2\/users\/3"}],"replies":[{"embeddable":true,"href":"https:\/\/muzeum.ostroleka.pl\/index.php?rest_route=%2Fwp%2Fv2%2Fcomments&post=7951"}],"version-history":[{"count":3,"href":"https:\/\/muzeum.ostroleka.pl\/index.php?rest_route=\/wp\/v2\/posts\/7951\/revisions"}],"predecessor-version":[{"id":7955,"href":"https:\/\/muzeum.ostroleka.pl\/index.php?rest_route=\/wp\/v2\/posts\/7951\/revisions\/7955"}],"wp:featuredmedia":[{"embeddable":true,"href":"https:\/\/muzeum.ostroleka.pl\/index.php?rest_route=\/wp\/v2\/media\/7952"}],"wp:attachment":[{"href":"https:\/\/muzeum.ostroleka.pl\/index.php?rest_route=%2Fwp%2Fv2%2Fmedia&parent=7951"}],"wp:term":[{"taxonomy":"category","embeddable":true,"href":"https:\/\/muzeum.ostroleka.pl\/index.php?rest_route=%2Fwp%2Fv2%2Fcategories&post=7951"},{"taxonomy":"post_tag","embeddable":true,"href":"https:\/\/muzeum.ostroleka.pl\/index.php?rest_route=%2Fwp%2Fv2%2Ftags&post=7951"}],"curies":[{"name":"wp","href":"https:\/\/api.w.org\/{rel}","templated":true}]}}