{"id":7956,"date":"2021-08-25T11:51:57","date_gmt":"2021-08-25T10:51:57","guid":{"rendered":"https:\/\/muzeum.ostroleka.pl\/?p=7956"},"modified":"2021-08-25T11:55:51","modified_gmt":"2021-08-25T10:55:51","slug":"zapraszamy-do-uczestnictwa-w-wykladzie-dr-hab-tomasza-gajownika","status":"publish","type":"post","link":"https:\/\/muzeum.ostroleka.pl\/?p=7956","title":{"rendered":"Zaproszenie do uczestnictwa w wyk\u0142adzie"},"content":{"rendered":"<p style=\"text-align: justify;\">Muzeum Kultury Kurpiowskiej w Ostro\u0142\u0119ce zaprasza serdecznie na wyk\u0142ad \u201eNie masz pana nad u\u0142ana? \u017bycie codzienne w wojsku II Rzeczpospolitej\u201d, kt\u00f3ry wyg\u0142osi dr hab. Tomasz Gajownik z Uniwersytetu Warmi\u0144sko-Mazurskiego w Olsztynie. Wydarzenie rozpocznie si\u0119 w sobot\u0119 4 wrze\u015bnia 2021 o godz. 15.00 w sali o\u015bwiatowej Muzeum Kultury Kurpiowskiej w Ostro\u0142\u0119ce.<br \/>\nPodczas spotkania przybli\u017cone zostan\u0105 realia \u017cycia \u017co\u0142nierzy i oficer\u00f3w wojska polskiego w okresie II RP.<\/p>\n<p style=\"text-align: justify;\">Wyk\u0142ad jest cz\u0119\u015bci\u0105 programu realizowanego w ramach obchod\u00f3w 100. rocznicy przybycia 5 Pu\u0142ku U\u0142an\u00f3w Zas\u0142awskich do Ostro\u0142\u0119ki i 190. rocznicy bitwy pod Ostro\u0142\u0119k\u0105 26 maja 1831 r.<\/p>\n<p>&nbsp;<\/p>\n<p>Miejsce: Muzeum Kultury Kurpiowskiej w Ostro\u0142\u0119ce, przy placu gen. J. Bema 8.<br \/>\nTermin: 4 wrze\u015bnia 2021 r. (sobota), godz. 15.00.<\/p>\n<p>Wst\u0119p wolny.<\/p>\n","protected":false},"excerpt":{"rendered":"<p>Muzeum Kultury Kurpiowskiej w Ostro\u0142\u0119ce zaprasza serdecznie na wyk\u0142ad \u201eNie masz pana nad u\u0142ana? \u017bycie codzienne w wojsku II Rzeczpospolitej\u201d, kt\u00f3ry wyg\u0142osi dr hab. Tomasz Gajownik z Uniwersytetu Warmi\u0144sko-Mazurskiego w Olsztynie. Wydarzenie rozpocznie si\u0119 w sobot\u0119 4 wrze\u015bnia 2021 o godz. 15.00 w sali o\u015bwiatowej Muzeum Kultury Kurpiowskiej w Ostro\u0142\u0119ce. Podczas spotkania przybli\u017cone zostan\u0105 realia [&hellip;]<\/p>\n","protected":false},"author":3,"featured_media":7957,"comment_status":"closed","ping_status":"closed","sticky":false,"template":"","format":"standard","meta":{"_acf_changed":false,"_lmt_disableupdate":"","_lmt_disable":"","_monsterinsights_skip_tracking":false,"_monsterinsights_sitenote_active":false,"_monsterinsights_sitenote_note":"","_monsterinsights_sitenote_category":0,"ngg_post_thumbnail":0,"footnotes":""},"categories":[3],"tags":[],"class_list":["post-7956","post","type-post","status-publish","format-standard","has-post-thumbnail","hentry","category-aktualnosci"],"acf":[],"modified_by":"Daniel Go\u0142a\u015b","_links":{"self":[{"href":"https:\/\/muzeum.ostroleka.pl\/index.php?rest_route=\/wp\/v2\/posts\/7956","targetHints":{"allow":["GET"]}}],"collection":[{"href":"https:\/\/muzeum.ostroleka.pl\/index.php?rest_route=\/wp\/v2\/posts"}],"about":[{"href":"https:\/\/muzeum.ostroleka.pl\/index.php?rest_route=\/wp\/v2\/types\/post"}],"author":[{"embeddable":true,"href":"https:\/\/muzeum.ostroleka.pl\/index.php?rest_route=\/wp\/v2\/users\/3"}],"replies":[{"embeddable":true,"href":"https:\/\/muzeum.ostroleka.pl\/index.php?rest_route=%2Fwp%2Fv2%2Fcomments&post=7956"}],"version-history":[{"count":5,"href":"https:\/\/muzeum.ostroleka.pl\/index.php?rest_route=\/wp\/v2\/posts\/7956\/revisions"}],"predecessor-version":[{"id":7962,"href":"https:\/\/muzeum.ostroleka.pl\/index.php?rest_route=\/wp\/v2\/posts\/7956\/revisions\/7962"}],"wp:featuredmedia":[{"embeddable":true,"href":"https:\/\/muzeum.ostroleka.pl\/index.php?rest_route=\/wp\/v2\/media\/7957"}],"wp:attachment":[{"href":"https:\/\/muzeum.ostroleka.pl\/index.php?rest_route=%2Fwp%2Fv2%2Fmedia&parent=7956"}],"wp:term":[{"taxonomy":"category","embeddable":true,"href":"https:\/\/muzeum.ostroleka.pl\/index.php?rest_route=%2Fwp%2Fv2%2Fcategories&post=7956"},{"taxonomy":"post_tag","embeddable":true,"href":"https:\/\/muzeum.ostroleka.pl\/index.php?rest_route=%2Fwp%2Fv2%2Ftags&post=7956"}],"curies":[{"name":"wp","href":"https:\/\/api.w.org\/{rel}","templated":true}]}}