{"id":7963,"date":"2021-08-25T14:33:57","date_gmt":"2021-08-25T13:33:57","guid":{"rendered":"https:\/\/muzeum.ostroleka.pl\/?p=7963"},"modified":"2021-08-26T07:14:18","modified_gmt":"2021-08-26T06:14:18","slug":"uwaga-zmiana-lokalizacji-koncertu-wieden-budapeszt-i-w-dniu-27-08-2021-r","status":"publish","type":"post","link":"https:\/\/muzeum.ostroleka.pl\/?p=7963","title":{"rendered":"Uwaga! Zmiana lokalizacji koncertu \u201eWiede\u0144, Budapeszt i\u2026\u201d w dniu 27.08.2021 r."},"content":{"rendered":"<p>Szanowni Pa\u0144stwo,<\/p>\n<p>informujemy, \u017ce koncert galowy \u201eWiede\u0144, Budapeszt i\u2026\u201d otwieraj\u0105cy Festiwal Muzyczny \u201eOstro\u0142\u0119ckie OPERALIA\u201d, kt\u00f3ry mia\u0142 odby\u0107 si\u0119 na Fortach Bema, zostanie zorganizowany w Hali Widowiskowo-Sportowej im. A. Go\u0142asia, przy ul. Traugutta 1 w Ostro\u0142\u0119ce.<\/p>\n<p>Termin pozostaje bez zmian.<\/p>\n<p>Decyzja zosta\u0142a podj\u0119ta z powodu zapowiadanych trudnych warunk\u00f3w pogodowych.<\/p>\n","protected":false},"excerpt":{"rendered":"<p>Szanowni Pa\u0144stwo, informujemy, \u017ce koncert galowy \u201eWiede\u0144, Budapeszt i\u2026\u201d otwieraj\u0105cy Festiwal Muzyczny \u201eOstro\u0142\u0119ckie OPERALIA\u201d, kt\u00f3ry mia\u0142 odby\u0107 si\u0119 na Fortach Bema, zostanie zorganizowany w Hali Widowiskowo-Sportowej im. A. Go\u0142asia, przy ul. Traugutta 1 w Ostro\u0142\u0119ce. Termin pozostaje bez zmian. Decyzja zosta\u0142a podj\u0119ta z powodu zapowiadanych trudnych warunk\u00f3w pogodowych.<\/p>\n","protected":false},"author":3,"featured_media":7970,"comment_status":"closed","ping_status":"closed","sticky":false,"template":"","format":"standard","meta":{"_acf_changed":false,"_lmt_disableupdate":"","_lmt_disable":"","_monsterinsights_skip_tracking":false,"_monsterinsights_sitenote_active":false,"_monsterinsights_sitenote_note":"","_monsterinsights_sitenote_category":0,"ngg_post_thumbnail":0,"footnotes":""},"categories":[3],"tags":[],"class_list":["post-7963","post","type-post","status-publish","format-standard","has-post-thumbnail","hentry","category-aktualnosci"],"acf":[],"modified_by":"Daniel Go\u0142a\u015b","_links":{"self":[{"href":"https:\/\/muzeum.ostroleka.pl\/index.php?rest_route=\/wp\/v2\/posts\/7963","targetHints":{"allow":["GET"]}}],"collection":[{"href":"https:\/\/muzeum.ostroleka.pl\/index.php?rest_route=\/wp\/v2\/posts"}],"about":[{"href":"https:\/\/muzeum.ostroleka.pl\/index.php?rest_route=\/wp\/v2\/types\/post"}],"author":[{"embeddable":true,"href":"https:\/\/muzeum.ostroleka.pl\/index.php?rest_route=\/wp\/v2\/users\/3"}],"replies":[{"embeddable":true,"href":"https:\/\/muzeum.ostroleka.pl\/index.php?rest_route=%2Fwp%2Fv2%2Fcomments&post=7963"}],"version-history":[{"count":3,"href":"https:\/\/muzeum.ostroleka.pl\/index.php?rest_route=\/wp\/v2\/posts\/7963\/revisions"}],"predecessor-version":[{"id":7967,"href":"https:\/\/muzeum.ostroleka.pl\/index.php?rest_route=\/wp\/v2\/posts\/7963\/revisions\/7967"}],"wp:featuredmedia":[{"embeddable":true,"href":"https:\/\/muzeum.ostroleka.pl\/index.php?rest_route=\/wp\/v2\/media\/7970"}],"wp:attachment":[{"href":"https:\/\/muzeum.ostroleka.pl\/index.php?rest_route=%2Fwp%2Fv2%2Fmedia&parent=7963"}],"wp:term":[{"taxonomy":"category","embeddable":true,"href":"https:\/\/muzeum.ostroleka.pl\/index.php?rest_route=%2Fwp%2Fv2%2Fcategories&post=7963"},{"taxonomy":"post_tag","embeddable":true,"href":"https:\/\/muzeum.ostroleka.pl\/index.php?rest_route=%2Fwp%2Fv2%2Ftags&post=7963"}],"curies":[{"name":"wp","href":"https:\/\/api.w.org\/{rel}","templated":true}]}}