{"id":7971,"date":"2021-08-26T09:42:51","date_gmt":"2021-08-26T08:42:51","guid":{"rendered":"https:\/\/muzeum.ostroleka.pl\/?p=7971"},"modified":"2021-08-26T09:55:24","modified_gmt":"2021-08-26T08:55:24","slug":"zapraszamy-na-imieniny-dionizego","status":"publish","type":"post","link":"https:\/\/muzeum.ostroleka.pl\/?p=7971","title":{"rendered":"Zapraszamy na \u201eImieniny Dionizego\u201d!"},"content":{"rendered":"<p style=\"text-align: justify;\">Serdecznie zapraszamy na piknik literacki \u201eImieniny Dionizego\u201d, kt\u00f3ry odb\u0119dzie si\u0119 5 wrze\u015bnia 2021 r. (niedziela) w godz. 13.00\u201317.00 na terenie Fort\u00f3w Bema w Ostro\u0142\u0119ce. W programie wiele atrakcji dla dzieci i doros\u0142ych, m.in. koncerty, czytanie tw\u00f3rczo\u015bci Dionizego Maliszewskiego, warsztaty, gry i zabawy, kiermasze, ognisko.<br \/>\nZach\u0119camy do wzi\u0119cia w\u0142asnych koc\u00f3w i koszy piknikowych.<\/p>\n<p style=\"text-align: justify;\">Piknik jest cz\u0119\u015bci\u0105 obchod\u00f3w 90. rocznicy urodzin wybitnego ostro\u0142\u0119ckiego poety, publicysty i dzia\u0142acza kultury organizowanych przez Muzeum Kultury Kurpiowskiej w Ostro\u0142\u0119ce, Miejsk\u0105 Bibliotek\u0119 Publiczn\u0105 w Ostro\u0142\u0119ce i Stowarzyszenie Przyjaci\u00f3\u0142 Bibliotek i Ksi\u0105\u017cki.<\/p>\n<p style=\"text-align: justify;\">Wst\u0119p wolny!<\/p>\n","protected":false},"excerpt":{"rendered":"<p>Serdecznie zapraszamy na piknik literacki \u201eImieniny Dionizego\u201d, kt\u00f3ry odb\u0119dzie si\u0119 5 wrze\u015bnia 2021 r. (niedziela) w godz. 13.00\u201317.00 na terenie Fort\u00f3w Bema w Ostro\u0142\u0119ce. W programie wiele atrakcji dla dzieci i doros\u0142ych, m.in. koncerty, czytanie tw\u00f3rczo\u015bci Dionizego Maliszewskiego, warsztaty, gry i zabawy, kiermasze, ognisko. Zach\u0119camy do wzi\u0119cia w\u0142asnych koc\u00f3w i koszy piknikowych. Piknik jest cz\u0119\u015bci\u0105 [&hellip;]<\/p>\n","protected":false},"author":3,"featured_media":7972,"comment_status":"closed","ping_status":"closed","sticky":false,"template":"","format":"standard","meta":{"_acf_changed":false,"_lmt_disableupdate":"","_lmt_disable":"","_monsterinsights_skip_tracking":false,"_monsterinsights_sitenote_active":false,"_monsterinsights_sitenote_note":"","_monsterinsights_sitenote_category":0,"ngg_post_thumbnail":0,"footnotes":""},"categories":[3],"tags":[],"class_list":["post-7971","post","type-post","status-publish","format-standard","has-post-thumbnail","hentry","category-aktualnosci"],"acf":[],"modified_by":"Daniel Go\u0142a\u015b","_links":{"self":[{"href":"https:\/\/muzeum.ostroleka.pl\/index.php?rest_route=\/wp\/v2\/posts\/7971","targetHints":{"allow":["GET"]}}],"collection":[{"href":"https:\/\/muzeum.ostroleka.pl\/index.php?rest_route=\/wp\/v2\/posts"}],"about":[{"href":"https:\/\/muzeum.ostroleka.pl\/index.php?rest_route=\/wp\/v2\/types\/post"}],"author":[{"embeddable":true,"href":"https:\/\/muzeum.ostroleka.pl\/index.php?rest_route=\/wp\/v2\/users\/3"}],"replies":[{"embeddable":true,"href":"https:\/\/muzeum.ostroleka.pl\/index.php?rest_route=%2Fwp%2Fv2%2Fcomments&post=7971"}],"version-history":[{"count":5,"href":"https:\/\/muzeum.ostroleka.pl\/index.php?rest_route=\/wp\/v2\/posts\/7971\/revisions"}],"predecessor-version":[{"id":7977,"href":"https:\/\/muzeum.ostroleka.pl\/index.php?rest_route=\/wp\/v2\/posts\/7971\/revisions\/7977"}],"wp:featuredmedia":[{"embeddable":true,"href":"https:\/\/muzeum.ostroleka.pl\/index.php?rest_route=\/wp\/v2\/media\/7972"}],"wp:attachment":[{"href":"https:\/\/muzeum.ostroleka.pl\/index.php?rest_route=%2Fwp%2Fv2%2Fmedia&parent=7971"}],"wp:term":[{"taxonomy":"category","embeddable":true,"href":"https:\/\/muzeum.ostroleka.pl\/index.php?rest_route=%2Fwp%2Fv2%2Fcategories&post=7971"},{"taxonomy":"post_tag","embeddable":true,"href":"https:\/\/muzeum.ostroleka.pl\/index.php?rest_route=%2Fwp%2Fv2%2Ftags&post=7971"}],"curies":[{"name":"wp","href":"https:\/\/api.w.org\/{rel}","templated":true}]}}