{"id":801,"date":"2016-07-20T12:46:56","date_gmt":"2016-07-20T11:46:56","guid":{"rendered":"http:\/\/mkk.wisnia.pl\/?p=801"},"modified":"2019-12-07T10:59:54","modified_gmt":"2019-12-07T09:59:54","slug":"konferencja-nt-kultu-swietych-w-diecezji-lomzynskiej","status":"publish","type":"post","link":"https:\/\/muzeum.ostroleka.pl\/?p=801","title":{"rendered":"Konferencja nt. kultu \u015bwi\u0119tych w diecezji \u0142omzy\u0144skiej"},"content":{"rendered":"<p>Konferencja po\u015bwi\u0119cona tematyce kultu \u015bwi\u0119tych w diecezji \u0142om\u017cy\u0144skiej ma na celu pog\u0142\u0119bienie wiedzy zdobytej podczas prezentacji wystawy pt. \u201eZwykli niezwykli. Kult \u015bwi\u0119tych w diecezji \u0142om\u017cy\u0144skiej\u201d. Aspekty religijne, historyczne, socjologiczne, antropologiczne i ikonograficzne zwi\u0105zane z kultem \u015bwi\u0119tych zaprezentuj\u0105 przedstawiciele \u015brodowisk ko\u015bcielnych, zakonnych, uniwersyteckich i muzealnych.<\/p>\n<p>&nbsp;<\/p>\n<p><img loading=\"lazy\" decoding=\"async\" width=\"644\" height=\"88\" class=\"alignnone wp-image-744\" alt=\"\" src=\"http:\/\/mkk.wisnia.pl\/wp-content\/uploads\/2019\/10\/logax5-300x41.jpg\" srcset=\"https:\/\/muzeum.ostroleka.pl\/wp-content\/uploads\/2019\/10\/logax5-300x41.jpg 300w, https:\/\/muzeum.ostroleka.pl\/wp-content\/uploads\/2019\/10\/logax5-500x69.jpg 500w, https:\/\/muzeum.ostroleka.pl\/wp-content\/uploads\/2019\/10\/logax5.jpg 595w\" sizes=\"auto, (max-width: 644px) 100vw, 644px\" \/><\/p>\n<p>&nbsp;<\/p>\n<p>&nbsp;<\/p>\n","protected":false},"excerpt":{"rendered":"<p>Konferencja po\u015bwi\u0119cona tematyce kultu \u015bwi\u0119tych w diecezji \u0142om\u017cy\u0144skiej ma na celu pog\u0142\u0119bienie wiedzy zdobytej podczas prezentacji wystawy pt. \u201eZwykli niezwykli. Kult \u015bwi\u0119tych w diecezji \u0142om\u017cy\u0144skiej\u201d. Aspekty religijne, historyczne, socjologiczne, antropologiczne i ikonograficzne zwi\u0105zane z kultem \u015bwi\u0119tych zaprezentuj\u0105 przedstawiciele \u015brodowisk ko\u015bcielnych, zakonnych, uniwersyteckich i muzealnych. &nbsp; &nbsp; &nbsp;<\/p>\n","protected":false},"author":1,"featured_media":414,"comment_status":"open","ping_status":"open","sticky":false,"template":"","format":"standard","meta":{"_acf_changed":false,"_lmt_disableupdate":"","_lmt_disable":"","_monsterinsights_skip_tracking":false,"_monsterinsights_sitenote_active":false,"_monsterinsights_sitenote_note":"","_monsterinsights_sitenote_category":0,"ngg_post_thumbnail":0,"footnotes":""},"categories":[29],"tags":[],"class_list":["post-801","post","type-post","status-publish","format-standard","has-post-thumbnail","hentry","category-konferencje"],"acf":[],"modified_by":"Daniel Go\u0142a\u015b","_links":{"self":[{"href":"https:\/\/muzeum.ostroleka.pl\/index.php?rest_route=\/wp\/v2\/posts\/801","targetHints":{"allow":["GET"]}}],"collection":[{"href":"https:\/\/muzeum.ostroleka.pl\/index.php?rest_route=\/wp\/v2\/posts"}],"about":[{"href":"https:\/\/muzeum.ostroleka.pl\/index.php?rest_route=\/wp\/v2\/types\/post"}],"author":[{"embeddable":true,"href":"https:\/\/muzeum.ostroleka.pl\/index.php?rest_route=\/wp\/v2\/users\/1"}],"replies":[{"embeddable":true,"href":"https:\/\/muzeum.ostroleka.pl\/index.php?rest_route=%2Fwp%2Fv2%2Fcomments&post=801"}],"version-history":[{"count":3,"href":"https:\/\/muzeum.ostroleka.pl\/index.php?rest_route=\/wp\/v2\/posts\/801\/revisions"}],"predecessor-version":[{"id":2297,"href":"https:\/\/muzeum.ostroleka.pl\/index.php?rest_route=\/wp\/v2\/posts\/801\/revisions\/2297"}],"wp:featuredmedia":[{"embeddable":true,"href":"https:\/\/muzeum.ostroleka.pl\/index.php?rest_route=\/wp\/v2\/media\/414"}],"wp:attachment":[{"href":"https:\/\/muzeum.ostroleka.pl\/index.php?rest_route=%2Fwp%2Fv2%2Fmedia&parent=801"}],"wp:term":[{"taxonomy":"category","embeddable":true,"href":"https:\/\/muzeum.ostroleka.pl\/index.php?rest_route=%2Fwp%2Fv2%2Fcategories&post=801"},{"taxonomy":"post_tag","embeddable":true,"href":"https:\/\/muzeum.ostroleka.pl\/index.php?rest_route=%2Fwp%2Fv2%2Ftags&post=801"}],"curies":[{"name":"wp","href":"https:\/\/api.w.org\/{rel}","templated":true}]}}