{"id":8012,"date":"2021-08-27T11:14:34","date_gmt":"2021-08-27T10:14:34","guid":{"rendered":"https:\/\/muzeum.ostroleka.pl\/?p=8012"},"modified":"2021-08-27T11:17:02","modified_gmt":"2021-08-27T10:17:02","slug":"wpisy-w-muzealnej-ksiedze-pamiatkowej","status":"publish","type":"post","link":"https:\/\/muzeum.ostroleka.pl\/?p=8012","title":{"rendered":"Wpisy w muzealnej Ksi\u0119dze Pami\u0105tkowej"},"content":{"rendered":"<p>Serce nam si\u0119 raduje, gdy w muzealnej Ksi\u0119dze Pami\u0105tkowej odnajdujemy kolejne wspania\u0142e wpisy b\u0119d\u0105ce \u015bwiadectwem tego, \u017ce wizyty w naszym Muzeum s\u0105 Pa\u0144stwu mi\u0142e, \u017ce historia Kurpiowszczyzny, kultura regionu i nasze zbiory budz\u0105 zainteresowanie, a nawet przywo\u0142uj\u0105 wspomnienia. Serdecznie dzi\u0119kujemy za to, \u017ce doceniaj\u0105 Pa\u0144stwo nasz\u0105 dzia\u0142alno\u015b\u0107.<\/p>\n<p>&nbsp;<\/p>\n<p>Wpis\u00f3w stale przybywa, a my postanowili\u015bmy zaprezentowa\u0107 kilka z nich:<\/p>\n<p>&nbsp;<\/p>\n<p>&nbsp;<\/p>\n<p><span style=\"font-family: 'book antiqua', palatino, serif; font-size: 12pt;\">\u201eMuzeum wprost osza\u0142amiaj\u0105ce, wspania\u0142e zbiory, czu\u0107 histori\u0119 i blisko\u015b\u0107 codziennego \u017cycia mieszka\u0144c\u00f3w. Dodatkowe uk\u0142ony i podzi\u0119kowania za atrakcje dla dzieci\u201d.&nbsp; &nbsp;08.07.2021<\/span><\/p>\n<p style=\"text-align: right;\">&nbsp;<\/p>\n<p>&nbsp;<\/p>\n<p style=\"text-align: right;\"><span style=\"font-family: 'book antiqua', palatino, serif;\">\u201eDzi\u0119kujemy za ciekaw\u0105 muzealn\u0105 przygod\u0119.<\/span><br \/>\n<span style=\"font-family: 'book antiqua', palatino, serif;\">@niemajakwpodr\u00f3\u017cy<\/span><br \/>\n<span style=\"font-family: 'book antiqua', palatino, serif;\">#\u015bwietne muzeum\u201d<br \/>\n<\/span><span style=\"font-family: 'book antiqua', palatino, serif;\">11.07.2021<\/span><\/p>\n<p>&nbsp;<\/p>\n<p><span style=\"font-family: 'book antiqua', palatino, serif; font-size: 12pt;\">\u201eSerdecznie dzi\u0119kujemy za przedstawienie historii Ostro\u0142\u0119ki i okolic. Genialne muzeum.<\/span><br \/>\n<span style=\"font-family: 'book antiqua', palatino, serif; font-size: 12pt;\">B\u0119dziemy poleca\u0107, aby odwiedzi\u0107 miejsce i zwiedzi\u0107 miasto. Pozdrawiamy nauczyciela historii z Bielska Bia\u0142ej\u201d.&nbsp; &nbsp;21.07.2021<\/span><\/p>\n<p>&nbsp;<\/p>\n<p style=\"text-align: right;\">&nbsp;<\/p>\n<p style=\"text-align: right;\"><span style=\"font-size: 12pt;\"><span style=\"font-family: 'book antiqua', palatino, serif;\">\u201e\u015awietne muzeum \u2013 zgadzam si\u0119 z has\u0142em krzy\u017c\u00f3wki :)\u201d&nbsp; &nbsp;<\/span><span style=\"font-family: 'book antiqua', palatino, serif;\">24.07.2021<\/span><\/span><\/p>\n<p>&nbsp;<\/p>\n<p>&nbsp;<\/p>\n<p><span style=\"font-family: 'book antiqua', palatino, serif; font-size: 12pt;\">\u201eNiesamowite miejsce z niesamowit\u0105 atmosfer\u0105. Dzi\u0119kuj\u0119 za mi\u0142e spotkanie i warsztat.<\/span><br \/>\n<span style=\"font-family: 'book antiqua', palatino, serif; font-size: 12pt;\">Z pozdrowieniami z Michigan.<\/span><br \/>\n<span style=\"font-family: 'book antiqua', palatino, serif; font-size: 12pt;\">PS. Jeszcze tu wr\u00f3c\u0119\u201d.<\/span><\/p>\n<p>&nbsp;<\/p>\n<p>&nbsp;<\/p>\n<p style=\"text-align: right;\"><span style=\"font-family: 'book antiqua', palatino, serif; font-size: 12pt;\">\u201eGenialnie przygotowane muzeum \u2013 krzy\u017c\u00f3wki, informatory <\/span><br \/>\n<span style=\"font-family: 'book antiqua', palatino, serif; font-size: 12pt;\">i przemi\u0142e Panie pozwalaj\u0105 odkry\u0107 kurpiowsk\u0105 kultur\u0119. <\/span><span style=\"font-family: 'book antiqua', palatino, serif; font-size: 12pt;\">Dzi\u0119kuj\u0119\u201d.&nbsp; &nbsp;27.07.2021<\/span><\/p>\n<p>&nbsp;<\/p>\n<p>&nbsp;<\/p>\n<p><span style=\"font-family: 'book antiqua', palatino, serif; font-size: 12pt;\">\u201eDzi\u0119kujemy za cudownie sp\u0119dzony czas!<\/span><br \/>\n<span style=\"font-family: 'book antiqua', palatino, serif; font-size: 12pt;\">Przemi\u0142e Panie zdecydowanie dodaj\u0105 uroku temu miejscu!\u201d&nbsp; &nbsp;27.07.2021<\/span><\/p>\n<p>&nbsp;<\/p>\n<p>&nbsp;<\/p>\n<p style=\"text-align: right;\"><span style=\"font-family: 'book antiqua', palatino, serif;\">\u201eUrocze, starannie, z mi\u0142o\u015bci\u0105 (i kompetencjami)<\/span><br \/>\n<span style=\"font-family: 'book antiqua', palatino, serif;\">prowadzone muzeum. Zwiedzone z wielk\u0105 i niek\u0142aman\u0105 przyjemno\u015bci\u0105\u201d.&nbsp; &nbsp;28.07.2021<\/span><\/p>\n<p>&nbsp;<\/p>\n<p>&nbsp;<\/p>\n<p style=\"text-align: left;\"><span style=\"font-family: 'book antiqua', palatino, serif; font-size: 12pt;\">\u201ePi\u0119kne miasto<\/span><br \/>\n<span style=\"font-family: 'book antiqua', palatino, serif; font-size: 12pt;\">Pi\u0119kna rzeka<\/span><br \/>\n<span style=\"font-family: 'book antiqua', palatino, serif; font-size: 12pt;\">Pi\u0119kne tradycje<\/span><br \/>\n<span style=\"font-family: 'book antiqua', palatino, serif; font-size: 12pt;\">Pi\u0119kne Muzeum\u201d.<\/span><\/p>\n<p>&nbsp;<\/p>\n<p>&nbsp;<\/p>\n<p style=\"text-align: right;\"><span style=\"font-family: 'book antiqua', palatino, serif; font-size: 12pt;\">\u201eBardzo dzi\u0119kujemy! To jest niesamowite, co\u015b takiego <\/span><br \/>\n<span style=\"font-family: 'book antiqua', palatino, serif; font-size: 12pt;\">zobaczy\u0107 w tej miejscowo\u015bci. Niech \u017cyje i si\u0119 rozwija <\/span><br \/>\n<span style=\"font-family: 'book antiqua', palatino, serif; font-size: 12pt;\">kultura i sztuka kurpiowska! Pozdrowienia z Bia\u0142orusi\u2026\u201d.<\/span><\/p>\n<p>&nbsp;<\/p>\n<p>&nbsp;<\/p>\n<p>&nbsp;<\/p>\n<p style=\"text-align: left;\"><span style=\"font-family: 'book antiqua', palatino, serif; font-size: 12pt;\">\u201eWyj\u0105tkowo interesuj\u0105ce Muzeum.<\/span><br \/>\n<span style=\"font-family: 'book antiqua', palatino, serif; font-size: 12pt;\">Jeste\u015bmy pod wra\u017ceniem zw\u0142aszcza wycinanek\u201d.&nbsp; &nbsp;12.08.2021<\/span><\/p>\n<p>&nbsp;<\/p>\n<p>&nbsp;<\/p>\n<p style=\"text-align: right;\"><span style=\"font-family: 'book antiqua', palatino, serif; font-size: 12pt;\">\u201eBardzo mi jest u Was dobrze i bardzo Was lubi\u0119. B.J.\u201d<\/span><\/p>\n<p>&nbsp;<\/p>\n<p>&nbsp;<\/p>\n<p style=\"text-align: left;\"><span style=\"font-family: 'book antiqua', palatino, serif; font-size: 12pt;\">\u201eBardzo dzi\u0119kujemy za wycieczk\u0119 w dawne czasy i za bardzo mi\u0142\u0105 obs\u0142ug\u0119\u201d.<\/span><\/p>\n","protected":false},"excerpt":{"rendered":"<p>Serce nam si\u0119 raduje, gdy w muzealnej Ksi\u0119dze Pami\u0105tkowej odnajdujemy kolejne wspania\u0142e wpisy b\u0119d\u0105ce \u015bwiadectwem tego, \u017ce wizyty w naszym Muzeum s\u0105 Pa\u0144stwu mi\u0142e, \u017ce historia Kurpiowszczyzny, kultura regionu i nasze zbiory budz\u0105 zainteresowanie, a nawet przywo\u0142uj\u0105 wspomnienia. Serdecznie dzi\u0119kujemy za to, \u017ce doceniaj\u0105 Pa\u0144stwo nasz\u0105 dzia\u0142alno\u015b\u0107. &nbsp; Wpis\u00f3w stale przybywa, a my postanowili\u015bmy zaprezentowa\u0107 [&hellip;]<\/p>\n","protected":false},"author":3,"featured_media":8013,"comment_status":"closed","ping_status":"closed","sticky":false,"template":"","format":"standard","meta":{"_acf_changed":false,"_lmt_disableupdate":"","_lmt_disable":"","_monsterinsights_skip_tracking":false,"_monsterinsights_sitenote_active":false,"_monsterinsights_sitenote_note":"","_monsterinsights_sitenote_category":0,"ngg_post_thumbnail":0,"footnotes":""},"categories":[3,1],"tags":[],"class_list":["post-8012","post","type-post","status-publish","format-standard","has-post-thumbnail","hentry","category-aktualnosci","category-bez-kategorii"],"acf":[],"modified_by":"Daniel Go\u0142a\u015b","_links":{"self":[{"href":"https:\/\/muzeum.ostroleka.pl\/index.php?rest_route=\/wp\/v2\/posts\/8012","targetHints":{"allow":["GET"]}}],"collection":[{"href":"https:\/\/muzeum.ostroleka.pl\/index.php?rest_route=\/wp\/v2\/posts"}],"about":[{"href":"https:\/\/muzeum.ostroleka.pl\/index.php?rest_route=\/wp\/v2\/types\/post"}],"author":[{"embeddable":true,"href":"https:\/\/muzeum.ostroleka.pl\/index.php?rest_route=\/wp\/v2\/users\/3"}],"replies":[{"embeddable":true,"href":"https:\/\/muzeum.ostroleka.pl\/index.php?rest_route=%2Fwp%2Fv2%2Fcomments&post=8012"}],"version-history":[{"count":15,"href":"https:\/\/muzeum.ostroleka.pl\/index.php?rest_route=\/wp\/v2\/posts\/8012\/revisions"}],"predecessor-version":[{"id":8031,"href":"https:\/\/muzeum.ostroleka.pl\/index.php?rest_route=\/wp\/v2\/posts\/8012\/revisions\/8031"}],"wp:featuredmedia":[{"embeddable":true,"href":"https:\/\/muzeum.ostroleka.pl\/index.php?rest_route=\/wp\/v2\/media\/8013"}],"wp:attachment":[{"href":"https:\/\/muzeum.ostroleka.pl\/index.php?rest_route=%2Fwp%2Fv2%2Fmedia&parent=8012"}],"wp:term":[{"taxonomy":"category","embeddable":true,"href":"https:\/\/muzeum.ostroleka.pl\/index.php?rest_route=%2Fwp%2Fv2%2Fcategories&post=8012"},{"taxonomy":"post_tag","embeddable":true,"href":"https:\/\/muzeum.ostroleka.pl\/index.php?rest_route=%2Fwp%2Fv2%2Ftags&post=8012"}],"curies":[{"name":"wp","href":"https:\/\/api.w.org\/{rel}","templated":true}]}}