{"id":8026,"date":"2021-08-27T10:29:08","date_gmt":"2021-08-27T09:29:08","guid":{"rendered":"https:\/\/muzeum.ostroleka.pl\/?p=8026"},"modified":"2021-08-27T10:29:18","modified_gmt":"2021-08-27T09:29:18","slug":"powiesc-dionizego-maliszewskiego-przed-wyrokiem-jest-juz-do-nabycia","status":"publish","type":"post","link":"https:\/\/muzeum.ostroleka.pl\/?p=8026","title":{"rendered":"Powie\u015b\u0107 Dionizego Maliszewskiego \u201ePrzed wyrokiem\u201d jest ju\u017c do nabycia"},"content":{"rendered":"<p>Szanowni Pa\u0144stwo,<br \/>\nmi\u0142o nam poinformowa\u0107, \u017ce dotychczas niepublikowana, autobiograficzna powie\u015b\u0107 Dionizego Maliszewskiego \u201ePrzed wyrokiem\u201d zosta\u0142a wydana.<\/p>\n<p>Ksi\u0105\u017cka jest do nabycia w naszym sklepiku muzealnym w cenie 25 z\u0142.<\/p>\n<p>Gor\u0105co polecamy.<\/p>\n","protected":false},"excerpt":{"rendered":"<p>Szanowni Pa\u0144stwo, mi\u0142o nam poinformowa\u0107, \u017ce dotychczas niepublikowana, autobiograficzna powie\u015b\u0107 Dionizego Maliszewskiego \u201ePrzed wyrokiem\u201d zosta\u0142a wydana. Ksi\u0105\u017cka jest do nabycia w naszym sklepiku muzealnym w cenie 25 z\u0142. Gor\u0105co polecamy.<\/p>\n","protected":false},"author":3,"featured_media":8027,"comment_status":"closed","ping_status":"closed","sticky":false,"template":"","format":"standard","meta":{"_acf_changed":false,"_lmt_disableupdate":"","_lmt_disable":"","_monsterinsights_skip_tracking":false,"_monsterinsights_sitenote_active":false,"_monsterinsights_sitenote_note":"","_monsterinsights_sitenote_category":0,"ngg_post_thumbnail":0,"footnotes":""},"categories":[3,1],"tags":[],"class_list":["post-8026","post","type-post","status-publish","format-standard","has-post-thumbnail","hentry","category-aktualnosci","category-bez-kategorii"],"acf":[],"modified_by":"Daniel Go\u0142a\u015b","_links":{"self":[{"href":"https:\/\/muzeum.ostroleka.pl\/index.php?rest_route=\/wp\/v2\/posts\/8026","targetHints":{"allow":["GET"]}}],"collection":[{"href":"https:\/\/muzeum.ostroleka.pl\/index.php?rest_route=\/wp\/v2\/posts"}],"about":[{"href":"https:\/\/muzeum.ostroleka.pl\/index.php?rest_route=\/wp\/v2\/types\/post"}],"author":[{"embeddable":true,"href":"https:\/\/muzeum.ostroleka.pl\/index.php?rest_route=\/wp\/v2\/users\/3"}],"replies":[{"embeddable":true,"href":"https:\/\/muzeum.ostroleka.pl\/index.php?rest_route=%2Fwp%2Fv2%2Fcomments&post=8026"}],"version-history":[{"count":1,"href":"https:\/\/muzeum.ostroleka.pl\/index.php?rest_route=\/wp\/v2\/posts\/8026\/revisions"}],"predecessor-version":[{"id":8028,"href":"https:\/\/muzeum.ostroleka.pl\/index.php?rest_route=\/wp\/v2\/posts\/8026\/revisions\/8028"}],"wp:featuredmedia":[{"embeddable":true,"href":"https:\/\/muzeum.ostroleka.pl\/index.php?rest_route=\/wp\/v2\/media\/8027"}],"wp:attachment":[{"href":"https:\/\/muzeum.ostroleka.pl\/index.php?rest_route=%2Fwp%2Fv2%2Fmedia&parent=8026"}],"wp:term":[{"taxonomy":"category","embeddable":true,"href":"https:\/\/muzeum.ostroleka.pl\/index.php?rest_route=%2Fwp%2Fv2%2Fcategories&post=8026"},{"taxonomy":"post_tag","embeddable":true,"href":"https:\/\/muzeum.ostroleka.pl\/index.php?rest_route=%2Fwp%2Fv2%2Ftags&post=8026"}],"curies":[{"name":"wp","href":"https:\/\/api.w.org\/{rel}","templated":true}]}}