{"id":804,"date":"2016-10-11T12:49:20","date_gmt":"2016-10-11T11:49:20","guid":{"rendered":"http:\/\/mkk.wisnia.pl\/?p=804"},"modified":"2019-12-07T11:02:18","modified_gmt":"2019-12-07T10:02:18","slug":"konferencja-kult-swietych-w-diecezji-lomzynskiej-za-nami","status":"publish","type":"post","link":"https:\/\/muzeum.ostroleka.pl\/?p=804","title":{"rendered":"Konferencja &#8222;Kult \u015bwi\u0119tych w diecezji \u0142om\u017cy\u0144skiej&#8221; za nami"},"content":{"rendered":"<div class=\"leadArticle\">\n<p>W \u015brod\u0119, 12 pa\u017adziernika 2016 r., w Muzeum Kultury Kurpiowskiej w&nbsp;Ostro\u0142\u0119ce odby\u0142a si\u0119 konferencja naukowa pt. \u201eKult \u015bwi\u0119tych w&nbsp;diecezji \u0142om\u017cy\u0144skiej\u201d.<\/p>\n<\/div>\n<p>Konferencja po\u015bwi\u0119cona by\u0142a tematyce kultu \u015bwi\u0119tych w diecezji \u0142om\u017cy\u0144skiej. Jej celem by\u0142o pog\u0142\u0119bienie wiedzy zdobytej podczas prezentacji wystawy pt. \u201eZwykli niezwykli. Kult \u015bwi\u0119tych w&nbsp;diecezji \u0142om\u017cy\u0144skiej\u201d. Aspekty religijne, historyczne, socjologiczne, antropologiczne i ikonograficzne zwi\u0105zane z kultem \u015bwi\u0119tych zaprezentowali przedstawiciele \u015brodowisk uniwersyteckich i muzealnych.<\/p>\n<p>Dr Ewa Chomentowska przybli\u017cy\u0142a s\u0142uchaczom zagadnienie wezwa\u0144 maryjnych ko\u015bcio\u0142\u00f3w parafialnych oraz parafii na tle patrocini\u00f3w w diecezji \u0142om\u017cy\u0144skiej. Dr Katarzyna Poni\u0144ska om\u00f3wi\u0142a pobo\u017cno\u015b\u0107 maryjn\u0105 w diecezji \u0142om\u017cy\u0144skiej w kontek\u015bcie wybranych sanktuari\u00f3w. Zagadnienie kultu jezuickich \u015bwi\u0119tych na terenie diecezji p\u0142ockiej \u2013 z podkre\u015bleniem szczeg\u00f3lnej roli \u015bw. Stanis\u0142awa Kostki \u2013 przedstawi\u0142 dr Rados\u0142aw Lolo. Ostatni prelegent pierwszego panelu \u2013 Piotr Kaszubowski \u2013 ukaza\u0142 kult \u015bw. Stanis\u0142awa Kostki w diecezji p\u0142ockiej i \u0142om\u017cy\u0144skiej. Po kr\u00f3tkiej przerwie dr Barbara Kalinowska przeanalizowa\u0142a kult \u015bw. Anny na przyk\u0142adzie obiekt\u00f3w sakralnych diecezji \u0142om\u017cy\u0144skiej. Przedostatnie wyst\u0105pienie, wyg\u0142oszone przez Ann\u0119 Henrykowsk\u0105, po\u015bwi\u0119cone by\u0142o tematowi kultu Mi\u0142osierdzia Bo\u017cego i \u015bw. Siostry Faustyny w diecezji p\u0142ockiej i \u0142om\u017cy\u0144skiej. Konferencj\u0119 ko\u0144czy\u0142o wyst\u0105pienie prof. Janusza Hochleitnera dotycz\u0105ce \u015bwi\u0119tych w dorocznej obrz\u0119dowo\u015bci kurpiowskiej. Konferencj\u0119 zamkn\u0119\u0142a interesuj\u0105ca dyskusja, w&nbsp;kt\u00f3r\u0105 zaanga\u017cowali si\u0119 nie tylko prelegenci, lecz tak\u017ce zgromadzeni go\u015bcie.<\/p>\n<p>Dzi\u0119kujemy za udzia\u0142 wszystkim uczestnikom.<\/p>\n<p>Wydarzenie realizowane jest w ramach projektu \u201eZwykli niezwykli. Kult \u015bwi\u0119tych w diecezji \u0142om\u017cy\u0144skiej\u201d, finansowanego przez Ministerstwo Kultury i Dziedzictwa Narodowego, Samorz\u0105d Wojew\u00f3dztwa Mazowieckiego oraz Starostwo Powiatowe w Ostro\u0142\u0119ce.<\/p>\n<p>&nbsp;<\/p>\nngg_shortcode_0_placeholder\n<p>&nbsp;<\/p>\n<p>&nbsp;<\/p>\n<p>&nbsp;<\/p>\n<p>&nbsp;<\/p>\n","protected":false},"excerpt":{"rendered":"<p>W \u015brod\u0119, 12 pa\u017adziernika 2016 r., w Muzeum Kultury Kurpiowskiej w&nbsp;Ostro\u0142\u0119ce odby\u0142a si\u0119 konferencja naukowa pt. \u201eKult \u015bwi\u0119tych w&nbsp;diecezji \u0142om\u017cy\u0144skiej\u201d. Konferencja po\u015bwi\u0119cona by\u0142a tematyce kultu \u015bwi\u0119tych w diecezji \u0142om\u017cy\u0144skiej. Jej celem by\u0142o pog\u0142\u0119bienie wiedzy zdobytej podczas prezentacji wystawy pt. \u201eZwykli niezwykli. Kult \u015bwi\u0119tych w&nbsp;diecezji \u0142om\u017cy\u0144skiej\u201d. Aspekty religijne, historyczne, socjologiczne, antropologiczne i ikonograficzne zwi\u0105zane z kultem [&hellip;]<\/p>\n","protected":false},"author":1,"featured_media":817,"comment_status":"open","ping_status":"open","sticky":false,"template":"","format":"standard","meta":{"_acf_changed":false,"_lmt_disableupdate":"","_lmt_disable":"","_monsterinsights_skip_tracking":false,"_monsterinsights_sitenote_active":false,"_monsterinsights_sitenote_note":"","_monsterinsights_sitenote_category":0,"ngg_post_thumbnail":0,"footnotes":""},"categories":[29],"tags":[],"class_list":["post-804","post","type-post","status-publish","format-standard","has-post-thumbnail","hentry","category-konferencje"],"acf":[],"modified_by":"Daniel Go\u0142a\u015b","_links":{"self":[{"href":"https:\/\/muzeum.ostroleka.pl\/index.php?rest_route=\/wp\/v2\/posts\/804","targetHints":{"allow":["GET"]}}],"collection":[{"href":"https:\/\/muzeum.ostroleka.pl\/index.php?rest_route=\/wp\/v2\/posts"}],"about":[{"href":"https:\/\/muzeum.ostroleka.pl\/index.php?rest_route=\/wp\/v2\/types\/post"}],"author":[{"embeddable":true,"href":"https:\/\/muzeum.ostroleka.pl\/index.php?rest_route=\/wp\/v2\/users\/1"}],"replies":[{"embeddable":true,"href":"https:\/\/muzeum.ostroleka.pl\/index.php?rest_route=%2Fwp%2Fv2%2Fcomments&post=804"}],"version-history":[{"count":5,"href":"https:\/\/muzeum.ostroleka.pl\/index.php?rest_route=\/wp\/v2\/posts\/804\/revisions"}],"predecessor-version":[{"id":841,"href":"https:\/\/muzeum.ostroleka.pl\/index.php?rest_route=\/wp\/v2\/posts\/804\/revisions\/841"}],"wp:featuredmedia":[{"embeddable":true,"href":"https:\/\/muzeum.ostroleka.pl\/index.php?rest_route=\/wp\/v2\/media\/817"}],"wp:attachment":[{"href":"https:\/\/muzeum.ostroleka.pl\/index.php?rest_route=%2Fwp%2Fv2%2Fmedia&parent=804"}],"wp:term":[{"taxonomy":"category","embeddable":true,"href":"https:\/\/muzeum.ostroleka.pl\/index.php?rest_route=%2Fwp%2Fv2%2Fcategories&post=804"},{"taxonomy":"post_tag","embeddable":true,"href":"https:\/\/muzeum.ostroleka.pl\/index.php?rest_route=%2Fwp%2Fv2%2Ftags&post=804"}],"curies":[{"name":"wp","href":"https:\/\/api.w.org\/{rel}","templated":true}]}}