{"id":8105,"date":"2021-09-03T13:06:18","date_gmt":"2021-09-03T12:06:18","guid":{"rendered":"https:\/\/muzeum.ostroleka.pl\/?p=8105"},"modified":"2021-11-02T09:29:48","modified_gmt":"2021-11-02T08:29:48","slug":"wystawa-czasowa-dionizy-maliszewski-wpisany-w-cisze-przemijania","status":"publish","type":"post","link":"https:\/\/muzeum.ostroleka.pl\/?p=8105","title":{"rendered":"Wystawa czasowa \u201eDionizy Maliszewski. Wpisany w cisz\u0119 przemijania\u201d"},"content":{"rendered":"<p style=\"text-align: justify;\">Od 22 sierpnia 2021 r. w Muzeum Kultury Kurpiowskiej prezentujemy wystaw\u0119 \u201eDionizy Maliszewski. Wpisany w cisz\u0119 przemijania\u201d. Ekspozycja po\u015bwi\u0119cona ostro\u0142\u0119ckiemu poecie, pisarzowi, dziennikarzowi, inicjatorowi i dzia\u0142aczowi \u017cycia kulturalnego w regionie, wsp\u00f3\u0142tw\u00f3rcy Grupy Literackiej, jak r\u00f3wnie\u017c Klubu Literackiego \u201eNarew\u201d przybli\u017ca \u017cycie i tw\u00f3rczo\u015b\u0107 ostro\u0142\u0119czanina. Na wystawie mo\u017cna zobaczy\u0107 fotografie, archiwalia i pami\u0105tki zwi\u0105zane z poet\u0105, jak r\u00f3wnie\u017c jego wiersze. Dionizy Maliszewski jako ucze\u0144 klasy maturalnej liceum ostro\u0142\u0119ckiego zosta\u0142 aresztowany wraz z kolegami za udzia\u0142 w nielegalnej organizacji. Skazano go na pi\u0119\u0107 lat wi\u0119zienia, nast\u0119pnie amnesti\u0105 z 1952 r. skr\u00f3cono kar\u0119 do trzech lat i czterech miesi\u0119cy. Wydarzenia te opisa\u0142 w powie\u015bci \u201ePrzed wyrokiem\u201d, kt\u00f3ra pierwszy raz w ca\u0142o\u015bci zosta\u0142a opublikowana w 2021 roku, 33 lata po \u015bmierci autora. Przy okazji zwiedzania wystawy zach\u0119camy do zakupu ksi\u0105\u017cki dost\u0119pnej do nabycia w muzealnym sklepiku.<\/p>\n<p style=\"text-align: justify;\">Wystawa oraz dzia\u0142ania zwi\u0105zane z upami\u0119tnieniem postaci poety w 90. rocznic\u0119 urodzin s\u0105 realizowane przez Muzeum Kultury Kurpiowskiej w Ostro\u0142\u0119ce, Miejsk\u0105 Bibliotek\u0119 Publiczn\u0105 im. W. Gomulickiego w Ostro\u0142\u0119ce i Stowarzyszenie Przyjaci\u00f3\u0142 Bibliotek i Ksi\u0105\u017cki.<\/p>\n<p>Wystaw\u0119 mo\u017cna zwiedza\u0107 od 22 sierpnia do 31 pa\u017adziernika 2021 r.<\/p>\nngg_shortcode_0_placeholder\n","protected":false},"excerpt":{"rendered":"<p>Od 22 sierpnia 2021 r. w Muzeum Kultury Kurpiowskiej prezentujemy wystaw\u0119 \u201eDionizy Maliszewski. Wpisany w cisz\u0119 przemijania\u201d. Ekspozycja po\u015bwi\u0119cona ostro\u0142\u0119ckiemu poecie, pisarzowi, dziennikarzowi, inicjatorowi i dzia\u0142aczowi \u017cycia kulturalnego w regionie, wsp\u00f3\u0142tw\u00f3rcy Grupy Literackiej, jak r\u00f3wnie\u017c Klubu Literackiego \u201eNarew\u201d przybli\u017ca \u017cycie i tw\u00f3rczo\u015b\u0107 ostro\u0142\u0119czanina. Na wystawie mo\u017cna zobaczy\u0107 fotografie, archiwalia i pami\u0105tki zwi\u0105zane z poet\u0105, jak [&hellip;]<\/p>\n","protected":false},"author":3,"featured_media":8114,"comment_status":"closed","ping_status":"closed","sticky":false,"template":"","format":"standard","meta":{"_acf_changed":false,"_lmt_disableupdate":"","_lmt_disable":"","_monsterinsights_skip_tracking":false,"_monsterinsights_sitenote_active":false,"_monsterinsights_sitenote_note":"","_monsterinsights_sitenote_category":0,"ngg_post_thumbnail":0,"footnotes":""},"categories":[3,53],"tags":[],"class_list":["post-8105","post","type-post","status-publish","format-standard","has-post-thumbnail","hentry","category-aktualnosci","category-wystawy-czasowe-archiwalne"],"acf":[],"modified_by":"Daniel Go\u0142a\u015b","_links":{"self":[{"href":"https:\/\/muzeum.ostroleka.pl\/index.php?rest_route=\/wp\/v2\/posts\/8105","targetHints":{"allow":["GET"]}}],"collection":[{"href":"https:\/\/muzeum.ostroleka.pl\/index.php?rest_route=\/wp\/v2\/posts"}],"about":[{"href":"https:\/\/muzeum.ostroleka.pl\/index.php?rest_route=\/wp\/v2\/types\/post"}],"author":[{"embeddable":true,"href":"https:\/\/muzeum.ostroleka.pl\/index.php?rest_route=\/wp\/v2\/users\/3"}],"replies":[{"embeddable":true,"href":"https:\/\/muzeum.ostroleka.pl\/index.php?rest_route=%2Fwp%2Fv2%2Fcomments&post=8105"}],"version-history":[{"count":2,"href":"https:\/\/muzeum.ostroleka.pl\/index.php?rest_route=\/wp\/v2\/posts\/8105\/revisions"}],"predecessor-version":[{"id":8116,"href":"https:\/\/muzeum.ostroleka.pl\/index.php?rest_route=\/wp\/v2\/posts\/8105\/revisions\/8116"}],"wp:featuredmedia":[{"embeddable":true,"href":"https:\/\/muzeum.ostroleka.pl\/index.php?rest_route=\/wp\/v2\/media\/8114"}],"wp:attachment":[{"href":"https:\/\/muzeum.ostroleka.pl\/index.php?rest_route=%2Fwp%2Fv2%2Fmedia&parent=8105"}],"wp:term":[{"taxonomy":"category","embeddable":true,"href":"https:\/\/muzeum.ostroleka.pl\/index.php?rest_route=%2Fwp%2Fv2%2Fcategories&post=8105"},{"taxonomy":"post_tag","embeddable":true,"href":"https:\/\/muzeum.ostroleka.pl\/index.php?rest_route=%2Fwp%2Fv2%2Ftags&post=8105"}],"curies":[{"name":"wp","href":"https:\/\/api.w.org\/{rel}","templated":true}]}}