{"id":831,"date":"2016-08-24T12:54:59","date_gmt":"2016-08-24T11:54:59","guid":{"rendered":"http:\/\/mkk.wisnia.pl\/?p=831"},"modified":"2019-12-07T11:21:49","modified_gmt":"2019-12-07T10:21:49","slug":"bieg-rodzinny-od-kapliczki-do-kapliczki","status":"publish","type":"post","link":"https:\/\/muzeum.ostroleka.pl\/?p=831","title":{"rendered":"Bieg rodzinny \u201eOd kapliczki do kapliczki\u201d"},"content":{"rendered":"<div class=\"leadArticle\">\n<p>Muzeum Kultury Kurpiowskiej w Ostro\u0142\u0119ce zaprasza do wzi\u0119cia udzia\u0142u w biegu rodzinnym pn. \u201eOd kapliczki do kapliczki\u201d, kt\u00f3ry odb\u0119dzie si\u0119 27&nbsp;sierpnia 2016 o godzinie 12.00.<\/p>\n<\/div>\n<p>Po zako\u0144czeniu biegu, w siedzibie Muzeum Kultury Kurpiowskiej przy pl. J. Bema 8, odb\u0119dzie si\u0119 koncert Zespo\u0142u Magdy Anio\u0142.<\/p>\n<p>Udzia\u0142 w wydarzeniu jest bezp\u0142atny.<\/p>\n<p>Bieg rodzinny \u201eOd kapliczki do kapliczki\u201d jest propozycj\u0105 dla rodzin pochodz\u0105cym z Ostro\u0142\u0119ki i powiatu ostro\u0142\u0119ckiego. Organizatorzy maj\u0105 na celu zmotywowanie Ostro\u0142\u0119czan i mieszka\u0144c\u00f3w regionu do aktywno\u015bci fizycznej, integracji (w&nbsp;biegu mog\u0105 wzi\u0105\u0107 r\u00f3wnie\u017c osoby z ograniczon\u0105 sprawno\u015bci\u0105 ruchu, poruszaj\u0105ce si\u0119 o kulach, na w\u00f3zkach i rodzice lub opiekunowie z dzie\u0107mi w w\u00f3zkach) oraz nauki poprzez zabaw\u0119. Dla uczestnik\u00f3w, kt\u00f3rzy w okre\u015blonym przez organizatora terminie zg\u0142osz\u0105 sw\u00f3j akces, przewidziano niespodzianki.<\/p>\n<p>Data: 27 sierpnia 2016 r.<\/p>\n<p>Czas: 12.00<\/p>\n<p>Start: pla\u017ca miejska<\/p>\n<p>Meta: plac gen. J. Bema<\/p>\n<p>Rejestracja uczestnik\u00f3w do 26.08.2016 r.: tel. 29&nbsp;764 54 43 wew. 35; e-mail:&nbsp;<a href=\"mailto:historia4@muzeum.ostroleka.pl\">historia4@muzeum.ostroleka.pl<\/a><\/p>\n<p>Wydarzenie realizowane w ramach projektu \u201eZwykli niezwykli. Kult \u015bwi\u0119tych w diecezji \u0142om\u017cy\u0144skiej\u201d finansowanego przez Ministerstwo Kultury i Dziedzictwa Narodowego, Samorz\u0105d Wojew\u00f3dztwa Mazowieckiego oraz Starostwo Powiatowe w Ostro\u0142\u0119ce.<\/p>\n<p>&nbsp;<\/p>\n<p><img loading=\"lazy\" decoding=\"async\" width=\"563\" height=\"77\" class=\"alignnone wp-image-744\" alt=\"\" src=\"http:\/\/mkk.wisnia.pl\/wp-content\/uploads\/2019\/10\/logax5-300x41.jpg\" srcset=\"https:\/\/muzeum.ostroleka.pl\/wp-content\/uploads\/2019\/10\/logax5-300x41.jpg 300w, https:\/\/muzeum.ostroleka.pl\/wp-content\/uploads\/2019\/10\/logax5-500x69.jpg 500w, https:\/\/muzeum.ostroleka.pl\/wp-content\/uploads\/2019\/10\/logax5.jpg 595w\" sizes=\"auto, (max-width: 563px) 100vw, 563px\" \/><\/p>\n<p><img loading=\"lazy\" decoding=\"async\" width=\"543\" height=\"758\" class=\"alignnone wp-image-834\" alt=\"\" src=\"http:\/\/mkk.wisnia.pl\/wp-content\/uploads\/2019\/10\/biegB-215x300.jpg\" srcset=\"https:\/\/muzeum.ostroleka.pl\/wp-content\/uploads\/2019\/10\/biegB-215x300.jpg 215w, https:\/\/muzeum.ostroleka.pl\/wp-content\/uploads\/2019\/10\/biegB-768x1073.jpg 768w, https:\/\/muzeum.ostroleka.pl\/wp-content\/uploads\/2019\/10\/biegB-733x1024.jpg 733w, https:\/\/muzeum.ostroleka.pl\/wp-content\/uploads\/2019\/10\/biegB-322x450.jpg 322w, https:\/\/muzeum.ostroleka.pl\/wp-content\/uploads\/2019\/10\/biegB.jpg 1200w\" sizes=\"auto, (max-width: 543px) 100vw, 543px\" \/><\/p>\n<p>&nbsp;<\/p>\n<p>&nbsp;<\/p>\n","protected":false},"excerpt":{"rendered":"<p>Muzeum Kultury Kurpiowskiej w Ostro\u0142\u0119ce zaprasza do wzi\u0119cia udzia\u0142u w biegu rodzinnym pn. \u201eOd kapliczki do kapliczki\u201d, kt\u00f3ry odb\u0119dzie si\u0119 27&nbsp;sierpnia 2016 o godzinie 12.00. Po zako\u0144czeniu biegu, w siedzibie Muzeum Kultury Kurpiowskiej przy pl. J. Bema 8, odb\u0119dzie si\u0119 koncert Zespo\u0142u Magdy Anio\u0142. Udzia\u0142 w wydarzeniu jest bezp\u0142atny. Bieg rodzinny \u201eOd kapliczki do kapliczki\u201d [&hellip;]<\/p>\n","protected":false},"author":1,"featured_media":833,"comment_status":"open","ping_status":"open","sticky":false,"template":"","format":"standard","meta":{"_acf_changed":false,"_lmt_disableupdate":"","_lmt_disable":"","_monsterinsights_skip_tracking":false,"_monsterinsights_sitenote_active":false,"_monsterinsights_sitenote_note":"","_monsterinsights_sitenote_category":0,"ngg_post_thumbnail":0,"footnotes":""},"categories":[31],"tags":[],"class_list":["post-831","post","type-post","status-publish","format-standard","has-post-thumbnail","hentry","category-bieg-rodzinny"],"acf":[],"modified_by":"Daniel Go\u0142a\u015b","_links":{"self":[{"href":"https:\/\/muzeum.ostroleka.pl\/index.php?rest_route=\/wp\/v2\/posts\/831","targetHints":{"allow":["GET"]}}],"collection":[{"href":"https:\/\/muzeum.ostroleka.pl\/index.php?rest_route=\/wp\/v2\/posts"}],"about":[{"href":"https:\/\/muzeum.ostroleka.pl\/index.php?rest_route=\/wp\/v2\/types\/post"}],"author":[{"embeddable":true,"href":"https:\/\/muzeum.ostroleka.pl\/index.php?rest_route=\/wp\/v2\/users\/1"}],"replies":[{"embeddable":true,"href":"https:\/\/muzeum.ostroleka.pl\/index.php?rest_route=%2Fwp%2Fv2%2Fcomments&post=831"}],"version-history":[{"count":3,"href":"https:\/\/muzeum.ostroleka.pl\/index.php?rest_route=\/wp\/v2\/posts\/831\/revisions"}],"predecessor-version":[{"id":2303,"href":"https:\/\/muzeum.ostroleka.pl\/index.php?rest_route=\/wp\/v2\/posts\/831\/revisions\/2303"}],"wp:featuredmedia":[{"embeddable":true,"href":"https:\/\/muzeum.ostroleka.pl\/index.php?rest_route=\/wp\/v2\/media\/833"}],"wp:attachment":[{"href":"https:\/\/muzeum.ostroleka.pl\/index.php?rest_route=%2Fwp%2Fv2%2Fmedia&parent=831"}],"wp:term":[{"taxonomy":"category","embeddable":true,"href":"https:\/\/muzeum.ostroleka.pl\/index.php?rest_route=%2Fwp%2Fv2%2Fcategories&post=831"},{"taxonomy":"post_tag","embeddable":true,"href":"https:\/\/muzeum.ostroleka.pl\/index.php?rest_route=%2Fwp%2Fv2%2Ftags&post=831"}],"curies":[{"name":"wp","href":"https:\/\/api.w.org\/{rel}","templated":true}]}}