{"id":842,"date":"2016-07-20T13:04:54","date_gmt":"2016-07-20T12:04:54","guid":{"rendered":"http:\/\/mkk.wisnia.pl\/?p=842"},"modified":"2019-12-07T10:52:33","modified_gmt":"2019-12-07T09:52:33","slug":"koncert-zespolu-magdy-aniol","status":"publish","type":"post","link":"https:\/\/muzeum.ostroleka.pl\/?p=842","title":{"rendered":"Koncert Zespo\u0142u Magdy Anio\u0142"},"content":{"rendered":"<div class=\"leadArticle\">\n<p>Magda Anio\u0142 (w\u0142a\u015bc. Magdalena Anio\u0142) jest pedagogiem i wokalistk\u0105. Debiutowa\u0142a na scenie country. Szerszej publiczno\u015bci da\u0142a si\u0119 pozna\u0107 w&nbsp;1994 roku, wyst\u0119puj\u0105c podczas Pikniku Country w Mr\u0105gowie. Gdy do grupy muzyk\u00f3w do\u0142\u0105czy\u0142 Adam Szewczyk \u2013 gitarzysta, kompozytor i&nbsp;autor tekst\u00f3w \u2013 zesp\u00f3\u0142 zacz\u0105\u0142 prezentowa\u0107 autorskie utwory, nierzadko inspirowane w\u0105tkami chrze\u015bcija\u0144skimi. W 1999 roku ukaza\u0142a si\u0119 ich pierwsza p\u0142yta zatytu\u0142owana \u201eCo to jest?\u201d. W tym samym roku grupa Magdy Anio\u0142 wyst\u0105pi\u0142a podczas Festiwalu Polskiej Piosenki w&nbsp;Opolu.<\/p>\n<\/div>\n<p>Na scenie muzyki chrze\u015bcija\u0144skiej Zesp\u00f3\u0142 Magdy Anio\u0142 zadebiutowa\u0142 albumem \u201eKiedy dusza \u015bpiewa\u201d. W&nbsp;2002 roku, na V Festiwalu Song of Songs w Toruniu, Magda Anio\u0142 otrzyma\u0142a nagrod\u0119 Tuba Dei w kategorii Wokalistka Roku. Piosenka \u201eZaufaj\u201d z p\u0142yty \u201eAni oko, ani ucho\u201d towarzyszy\u0142a ostatniej wizycie papie\u017ca Jana Paw\u0142a II w Polsce. Kolejnymi wydawnictwami fonograficznymi Zesp\u00f3\u0142 Magdy Anio\u0142 ugruntowa\u0142 swoj\u0105 pozycj\u0119 na chrze\u015bcija\u0144skiej scenie muzycznej. Opisuj\u0105c swoj\u0105 dzia\u0142alno\u015b\u0107, muzycy podkre\u015blaj\u0105, i\u017c s\u0105 \u201enarz\u0119dziami w r\u0119kach najgenialniejszego Artysty\u201d.<\/p>\n<p>Zesp\u00f3\u0142 Magdy Anio\u0142 wyst\u0105pi na zako\u0144czenie biegu rodzinnego pt. \u201eOd kapliczki do kapliczki\u201d, realizowanego w ramach projektu MKiDN \u201eZwykli niezwykli. Kult \u015bwi\u0119tych w diecezji \u0142om\u017cy\u0144skiej\u201d, finansowanego przez Ministra Kultury i&nbsp;Dziedzictwa Narodowego, Samorz\u0105d Wojew\u00f3dztwa Mazowieckiego oraz Starostwo Powiatowe w Ostro\u0142\u0119ce.<\/p>\n<p>&nbsp;<\/p>\nngg_shortcode_0_placeholder\n<p>&nbsp;<\/p>\n","protected":false},"excerpt":{"rendered":"<p>Magda Anio\u0142 (w\u0142a\u015bc. Magdalena Anio\u0142) jest pedagogiem i wokalistk\u0105. Debiutowa\u0142a na scenie country. Szerszej publiczno\u015bci da\u0142a si\u0119 pozna\u0107 w&nbsp;1994 roku, wyst\u0119puj\u0105c podczas Pikniku Country w Mr\u0105gowie. Gdy do grupy muzyk\u00f3w do\u0142\u0105czy\u0142 Adam Szewczyk \u2013 gitarzysta, kompozytor i&nbsp;autor tekst\u00f3w \u2013 zesp\u00f3\u0142 zacz\u0105\u0142 prezentowa\u0107 autorskie utwory, nierzadko inspirowane w\u0105tkami chrze\u015bcija\u0144skimi. W 1999 roku ukaza\u0142a si\u0119 ich pierwsza [&hellip;]<\/p>\n","protected":false},"author":1,"featured_media":848,"comment_status":"open","ping_status":"open","sticky":false,"template":"","format":"standard","meta":{"_acf_changed":false,"_lmt_disableupdate":"","_lmt_disable":"","_monsterinsights_skip_tracking":false,"_monsterinsights_sitenote_active":false,"_monsterinsights_sitenote_note":"","_monsterinsights_sitenote_category":0,"ngg_post_thumbnail":0,"footnotes":""},"categories":[32],"tags":[],"class_list":["post-842","post","type-post","status-publish","format-standard","has-post-thumbnail","hentry","category-koncert"],"acf":[],"modified_by":"Daniel Go\u0142a\u015b","_links":{"self":[{"href":"https:\/\/muzeum.ostroleka.pl\/index.php?rest_route=\/wp\/v2\/posts\/842","targetHints":{"allow":["GET"]}}],"collection":[{"href":"https:\/\/muzeum.ostroleka.pl\/index.php?rest_route=\/wp\/v2\/posts"}],"about":[{"href":"https:\/\/muzeum.ostroleka.pl\/index.php?rest_route=\/wp\/v2\/types\/post"}],"author":[{"embeddable":true,"href":"https:\/\/muzeum.ostroleka.pl\/index.php?rest_route=\/wp\/v2\/users\/1"}],"replies":[{"embeddable":true,"href":"https:\/\/muzeum.ostroleka.pl\/index.php?rest_route=%2Fwp%2Fv2%2Fcomments&post=842"}],"version-history":[{"count":2,"href":"https:\/\/muzeum.ostroleka.pl\/index.php?rest_route=\/wp\/v2\/posts\/842\/revisions"}],"predecessor-version":[{"id":849,"href":"https:\/\/muzeum.ostroleka.pl\/index.php?rest_route=\/wp\/v2\/posts\/842\/revisions\/849"}],"wp:featuredmedia":[{"embeddable":true,"href":"https:\/\/muzeum.ostroleka.pl\/index.php?rest_route=\/wp\/v2\/media\/848"}],"wp:attachment":[{"href":"https:\/\/muzeum.ostroleka.pl\/index.php?rest_route=%2Fwp%2Fv2%2Fmedia&parent=842"}],"wp:term":[{"taxonomy":"category","embeddable":true,"href":"https:\/\/muzeum.ostroleka.pl\/index.php?rest_route=%2Fwp%2Fv2%2Fcategories&post=842"},{"taxonomy":"post_tag","embeddable":true,"href":"https:\/\/muzeum.ostroleka.pl\/index.php?rest_route=%2Fwp%2Fv2%2Ftags&post=842"}],"curies":[{"name":"wp","href":"https:\/\/api.w.org\/{rel}","templated":true}]}}