{"id":8509,"date":"2021-09-29T12:02:28","date_gmt":"2021-09-29T11:02:28","guid":{"rendered":"https:\/\/muzeum.ostroleka.pl\/?p=8509"},"modified":"2021-09-29T12:02:28","modified_gmt":"2021-09-29T11:02:28","slug":"odeszla-wspaniala-tworczyni-ludowa","status":"publish","type":"post","link":"https:\/\/muzeum.ostroleka.pl\/?p=8509","title":{"rendered":"Odesz\u0142a wspania\u0142a tw\u00f3rczyni ludowa"},"content":{"rendered":"<p style=\"text-align: justify;\">Z \u017calem informujemy o \u015bmierci pani Zofii Warych, wybitnej tw\u00f3rczyni ludowej, \u015bpiewaczki i gaw\u0119dziarki. Zofia Warych by\u0142a jedn\u0105 z najbarwniejszych postaci Kurpiowszczyzny i utalentowan\u0105 artystk\u0105. Swoj\u0105 dzia\u0142alno\u015b\u0107 koncertow\u0105 rozpocz\u0119\u0142a w latach dziewi\u0119\u0107dziesi\u0105tych. By\u0142a cz\u0142onkiem zespo\u0142u \u015bpiewaczego z Ciesiny. Pod koniec lat 90. XX wieku zacz\u0119\u0142a wyst\u0119py solowe. Wielokrotnie wyst\u0119powa\u0142a na festiwalach, na kt\u00f3rych, niejednokrotnie, zdobywa\u0142a czo\u0142owe lokaty. By\u0142a uznan\u0105 hafciark\u0105 i koronkark\u0105. Jej prace wielokrotnie nagradzano na konkursach r\u0119kodzielniczych. Bra\u0142a aktywny udzia\u0142 w warsztatach etnograficznych, zaj\u0119ciach nauki gwary oraz zaj\u0119ciach folklorystycznych z dzie\u0107mi i m\u0142odzie\u017c\u0105. Za wieloletni\u0105 prac\u0119 artystyczn\u0105 Zofia Warych otrzyma\u0142a liczne nagrody i wyr\u00f3\u017cnienia m.in. w 2011 roku Nagrod\u0119 im. Oskara Kolberga.<\/p>\n","protected":false},"excerpt":{"rendered":"<p>Z \u017calem informujemy o \u015bmierci pani Zofii Warych, wybitnej tw\u00f3rczyni ludowej, \u015bpiewaczki i gaw\u0119dziarki. Zofia Warych by\u0142a jedn\u0105 z najbarwniejszych postaci Kurpiowszczyzny i utalentowan\u0105 artystk\u0105. Swoj\u0105 dzia\u0142alno\u015b\u0107 koncertow\u0105 rozpocz\u0119\u0142a w latach dziewi\u0119\u0107dziesi\u0105tych. By\u0142a cz\u0142onkiem zespo\u0142u \u015bpiewaczego z Ciesiny. Pod koniec lat 90. XX wieku zacz\u0119\u0142a wyst\u0119py solowe. Wielokrotnie wyst\u0119powa\u0142a na festiwalach, na kt\u00f3rych, niejednokrotnie, zdobywa\u0142a [&hellip;]<\/p>\n","protected":false},"author":3,"featured_media":5797,"comment_status":"closed","ping_status":"closed","sticky":false,"template":"","format":"standard","meta":{"_acf_changed":false,"_lmt_disableupdate":"","_lmt_disable":"","_monsterinsights_skip_tracking":false,"_monsterinsights_sitenote_active":false,"_monsterinsights_sitenote_note":"","_monsterinsights_sitenote_category":0,"ngg_post_thumbnail":0,"footnotes":""},"categories":[3],"tags":[],"class_list":["post-8509","post","type-post","status-publish","format-standard","has-post-thumbnail","hentry","category-aktualnosci"],"acf":[],"modified_by":"Daniel Go\u0142a\u015b","_links":{"self":[{"href":"https:\/\/muzeum.ostroleka.pl\/index.php?rest_route=\/wp\/v2\/posts\/8509","targetHints":{"allow":["GET"]}}],"collection":[{"href":"https:\/\/muzeum.ostroleka.pl\/index.php?rest_route=\/wp\/v2\/posts"}],"about":[{"href":"https:\/\/muzeum.ostroleka.pl\/index.php?rest_route=\/wp\/v2\/types\/post"}],"author":[{"embeddable":true,"href":"https:\/\/muzeum.ostroleka.pl\/index.php?rest_route=\/wp\/v2\/users\/3"}],"replies":[{"embeddable":true,"href":"https:\/\/muzeum.ostroleka.pl\/index.php?rest_route=%2Fwp%2Fv2%2Fcomments&post=8509"}],"version-history":[{"count":1,"href":"https:\/\/muzeum.ostroleka.pl\/index.php?rest_route=\/wp\/v2\/posts\/8509\/revisions"}],"predecessor-version":[{"id":8510,"href":"https:\/\/muzeum.ostroleka.pl\/index.php?rest_route=\/wp\/v2\/posts\/8509\/revisions\/8510"}],"wp:featuredmedia":[{"embeddable":true,"href":"https:\/\/muzeum.ostroleka.pl\/index.php?rest_route=\/wp\/v2\/media\/5797"}],"wp:attachment":[{"href":"https:\/\/muzeum.ostroleka.pl\/index.php?rest_route=%2Fwp%2Fv2%2Fmedia&parent=8509"}],"wp:term":[{"taxonomy":"category","embeddable":true,"href":"https:\/\/muzeum.ostroleka.pl\/index.php?rest_route=%2Fwp%2Fv2%2Fcategories&post=8509"},{"taxonomy":"post_tag","embeddable":true,"href":"https:\/\/muzeum.ostroleka.pl\/index.php?rest_route=%2Fwp%2Fv2%2Ftags&post=8509"}],"curies":[{"name":"wp","href":"https:\/\/api.w.org\/{rel}","templated":true}]}}